{"id":824,"date":"2018-03-04T16:54:11","date_gmt":"2018-03-04T16:54:11","guid":{"rendered":"http:\/\/kinderbuch.blog\/?p=824"},"modified":"2020-06-19T08:09:42","modified_gmt":"2020-06-19T08:09:42","slug":"otfried-preussler-von-guten-hexen-boesen-zauberern-wassermaennern-und-kleinen-gespenstern","status":"publish","type":"post","link":"https:\/\/kinderbuch.blog\/?p=824","title":{"rendered":"Otfried Preussler \u2013 Von guten Hexen, b\u00f6sen Zauberern, Wasserm\u00e4nnern und kleinen Gespenstern"},"content":{"rendered":"<p>Otfried Preussler\u2018s Kinderbuchklassiker entstanden teilweise vor mehr als 60 Jahren. Ihr Erfolg ist ungebrochen und es hat sich um sie ein riesiges Medienspektrum gebildet. Otfried Preu\u00dfler, der als Volksschullehrer bereits fantasievoll Geschichten f\u00fcr Kinder erdachte und bebilderte, hat einen Schreibstil, der von der ersten bis zur letzten Seite mitrei\u00dft. Neben den fantasievollen Geschichten, ihrer gelungenen Dramaturgie ist es vor allen Dingen Preu\u00dfler\u2019s lebendige Sprache, die seine Werke auszeichnet. Nicht umsonst wurde Otfried Preu\u00dfler f\u00fcr zahlreiche namhafte Kinderbuchpreise nominiert und vielfach ausgezeichnet.<\/p>\n<p>Der Kinderbuchautor \u00a0zeichnet eine \u00fcberschaubare Realit\u00e4t ab, in der sich alles zum Guten wenden kann. Diese Form des Erz\u00e4hlens baut Kinder auf und ermutigt. Otfried Preussler\u2019s B\u00fccher hinterlassen \u2013 auch wenn oft bedr\u00fcckende Szenen geschildert werden- ein gutes Gef\u00fchl und man sp\u00fcrt, dass die Welt, so wie man selbst sie fantasiert, in Ordnung ist. Nebenbei bilden die B\u00fccher einen empathischen und hinterfragenden Geist aus und ermutigen Unrechtsstrukturen zu hinterfragen.<\/p>\n<p>Nun ein \u00dcberblick \u00fcber Preussler\u2018s Hauptwerke:<\/p>\n<p><strong>\u201eDer kleine Wassermann\u201c von Otfried Preussler\/Winnie Gebhardt-Gayler (1956)<\/strong><\/p>\n<p>Lesealter: 6-8 Jahre<\/p>\n<p><img loading=\"lazy\" class=\"alignleft size-medium wp-image-825\" src=\"http:\/\/kinderbuch.blog\/wp-content\/uploads\/2018\/03\/Der-kleine-Wassermann-211x300.jpg\" alt=\"\" width=\"211\" height=\"300\" \/><\/p>\n<p>&nbsp;<\/p>\n<p>&nbsp;<\/p>\n<p>&nbsp;<\/p>\n<p>&nbsp;<\/p>\n<p>&nbsp;<\/p>\n<p>&nbsp;<\/p>\n<p>&nbsp;<\/p>\n<p>&nbsp;<\/p>\n<p>&nbsp;<\/p>\n<p>&nbsp;<\/p>\n<p>\u00a91956, Thienemann Verlag, ISBN978-3522106207<\/p>\n<p><a href=\"http:\/\/www.thienemann-esslinger.de\">www.thienemann-esslinger.de<\/a><\/p>\n<p>Das ist eine Freude bei Familie Wassermann unten im M\u00fchlenweiher! Als der Wassermann nachhause kommt, empf\u00e4ngt ihn seine Frau mit den Worten: \u201eHeute musst du ganz leise sein. Wir haben n\u00e4mlich einen kleinen Jungen bekommen.\u201c (Otfried Preu\u00dfler: Der kleine Wassermann, Thienemann Verlag, 1956, S.3). Gemeinsam mit dem heranwachsenden kleinen Wassermann entdeckt der junge Leser nun die Welt in den d\u00fcsteren Tiefen des M\u00fchlenweihers und oberhalb der Wasseroberfl\u00e4che. Hier hat der kleine Wasserjunge einige Abenteuer zu bestehen und auch einiges zu lernen.<\/p>\n<p>Mit seinem Erstwerk \u201eDer kleine Wassermann\u201c aus dem Jahr 1956 hat Otfried Preussler das Pakett der Kinderbuchliteratur betreten und machte sich mit der Auszeichnung des Sonderpreises im Deutschen Deutschen Jugendbuchpreis gleich zu Beginn seiner Karriere als Kinderbuchautor einen Namen. Auch die Illustrationen von Winnie Gebhardt-Gayler wurden mit dem Preis ausgezeichnet. In den folgenden 60 Jahren verfasste Otfried Preu\u00dfler \u00fcber 35 Kinder- und Jugendb\u00fccher.<\/p>\n<p>Ab dem Jahr 2011 wurden im Thienemann-Verlag Fortsetzungen der Wassermanngeschichte in Form von Bilderb\u00fcchern f\u00fcr Kinder ab 4 Jahren ver\u00f6ffentlicht. Als Mitautorin wird Otfried Preu\u00dfler\u2018s Tochter Regine Stigloher genannt. Als Illustrator wurde Daniel Napp gewonnen. Die Bilderb\u00fccher tragen den Titel \u201e Der kleine Wassermann: Fr\u00fchling im M\u00fchlenweiher\u201c (2011) und \u201eDer kleine Wassermann: Sommerfest im M\u00fchlenweiher\u201c(2013). Als letztes Werk Preusslers schlie\u00dft sich mit \u201eDer kleine Wassermann: Herbst im M\u00fchlenweiher\u201c aus dem Jahr 2014 auch der Kreis und Otfried Preussler ver\u00f6ffentlicht hiermit sein letztes Buch.<\/p>\n<p>Im Jahr 2016 erschien ein Sammelband, der alle drei Bilderb\u00fccher vereinigt:<\/p>\n<p><strong>\u201e Das gro\u00dfe Buch vom kleinen Wassermann\u201c von Otfried Preu\u00dfler\/ Regine Stigloher\/Daniel Napp (2011)<\/strong><\/p>\n<p>Lesealter: 4-6 Jahre<\/p>\n<p><img loading=\"lazy\" class=\"alignleft size-medium wp-image-826\" src=\"http:\/\/kinderbuch.blog\/wp-content\/uploads\/2018\/03\/Das-gro\u00dfe-Buch-vom-kleinen-Wassermann-235x300.jpg\" alt=\"\" width=\"235\" height=\"300\" \/><\/p>\n<p>&nbsp;<\/p>\n<p>&nbsp;<\/p>\n<p>&nbsp;<\/p>\n<p>&nbsp;<\/p>\n<p>&nbsp;<\/p>\n<p>&nbsp;<\/p>\n<p>&nbsp;<\/p>\n<p>&nbsp;<\/p>\n<p>&nbsp;<\/p>\n<p>&nbsp;<\/p>\n<p>\u00a92016, Thienemann Verlag, ISBN 978-3522458160<\/p>\n<p>www.thienemann-esslinger.de<\/p>\n<p>&nbsp;<\/p>\n<p><strong>\u201eDie kleine Hexe\u201c von Otfried Preussler\/ Winnie Gebhardt-Gayler (1957)<\/strong><\/p>\n<p>Lesealter:6-8 Jahre<\/p>\n<p><img loading=\"lazy\" class=\"alignleft size-medium wp-image-827\" src=\"http:\/\/kinderbuch.blog\/wp-content\/uploads\/2018\/03\/Die-kleine-Hexe-212x300.jpg\" alt=\"\" width=\"212\" height=\"300\" \/><\/p>\n<p>&nbsp;<\/p>\n<p>&nbsp;<\/p>\n<p>&nbsp;<\/p>\n<p>&nbsp;<\/p>\n<p>&nbsp;<\/p>\n<p>&nbsp;<\/p>\n<p>&nbsp;<\/p>\n<p>&nbsp;<\/p>\n<p>&nbsp;<\/p>\n<p>&nbsp;<\/p>\n<p>&nbsp;<\/p>\n<p>\u00a92017, Thienemann Verlag, ISBN978-3522184717<\/p>\n<p>www.thienemann-esslinger.de<\/p>\n<p>Das Kinderbuch \u00fcber die kleine Hexe feierte im Jahr 2017 sein 60.Jubil\u00e4um. Es wurde von Winnie Gebhardt-Gayler illustriert. Das Buch selbst besa\u00df ich in meiner Kindheit nicht, daf\u00fcr hatten wir einen Teil der Abenteuer auf Schallplatte. Wenn ich heute das Buch lese, h\u00f6re ich noch immer die einpr\u00e4gsamen Stimmen und Lieder des genialen Karussell-H\u00f6rspiels aus dem Jahr 1977 mit Hans Baur als Erz\u00e4hler.<\/p>\n<p>Die kleine Hexe ist erst 127 Jahre und darf noch nicht am Hexentanz auf dem Blocksberg teilnehmen. Dennoch mischt sie sich unter das wilde Treiben und wird prompt entdeckt. Zur Strafe muss sie auf \u201eSchuster\u2019s Rappen\u201c nach Hause reiten und darf \u2013 vorausgesetzt sie wird eine \u201egute\u201c Hexe- eventuell im n\u00e4chsten Jahr am Hexentanz teilnehmen. Mit Hilfe ihres weisen Raben Abraxas bem\u00fcht sich nun die kleine Hexe im folgenden Jahr nur Gutes zu hexen und hilft so vielen Menschen und Tieren, denen Unrecht geschieht oder die sich in einer misslichen Lage befinden. Wie \u00fcberrascht ist die kleine Hexe als sie feststellen muss, dass sie f\u00fcr ihre guten Taten beim n\u00e4chsten Hexenrat nur Schelte und Schl\u00e4ge erh\u00e4lt und beschlie\u00dft die ungerechten Hexen zu \u00fcberlisten..<\/p>\n<p>&nbsp;<\/p>\n<p>Seit 2017 ist auch eine gek\u00fcrzte und \u00fcberarbeitete Bilderbuchfassung des Kinderbuchklassikers unter Mitarbeit der Preu\u00dfler Tochter Susanne Preu\u00dfler-Bitsch im Thienemann-Verlag erschienen. Das Bilderbuch tr\u00e4gt den Titel \u201eDie kleine Hexe: Ausflug mit Abraxas\u201c und ist mit doppelseitigen Bildern von Daniel Napp illustriert:<\/p>\n<p><strong>\u201eDie kleine Hexe: Ausflug mit Abraxas\u201c von Otfried Preussler\/Susanne Preu\u00dfler-Bitsch\/ Daniel Napp (1957)<\/strong><\/p>\n<p>Lesealter: 4-6 Jahre<\/p>\n<p><img loading=\"lazy\" class=\"alignleft size-medium wp-image-828\" src=\"http:\/\/kinderbuch.blog\/wp-content\/uploads\/2018\/03\/Die-kleine-Hexe-Ausflug-mit-Abraxas-232x300.jpg\" alt=\"\" width=\"232\" height=\"300\" \/><\/p>\n<p>&nbsp;<\/p>\n<p>&nbsp;<\/p>\n<p>&nbsp;<\/p>\n<p>&nbsp;<\/p>\n<p>&nbsp;<\/p>\n<p>&nbsp;<\/p>\n<p>&nbsp;<\/p>\n<p>&nbsp;<\/p>\n<p>&nbsp;<\/p>\n<p>&nbsp;<\/p>\n<p>&nbsp;<\/p>\n<p>\u00a92017, Thienemann Verlag, ISBN 978-3522458542<\/p>\n<p>www.thienemann-esslinger.de<\/p>\n<p>&nbsp;<\/p>\n<p><strong>\u201eKater Mikesch\u201c von Otfried Preussler\/ Josef Lada (1930\/1962)<\/strong><\/p>\n<p>Lesealter: ab 8 Jahre<\/p>\n<p><img loading=\"lazy\" class=\"alignleft size-medium wp-image-829\" src=\"http:\/\/kinderbuch.blog\/wp-content\/uploads\/2018\/03\/Kater-Mikesch.png-206x300.jpg\" alt=\"\" width=\"206\" height=\"300\" \/><\/p>\n<p>&nbsp;<\/p>\n<p>&nbsp;<\/p>\n<p>&nbsp;<\/p>\n<p>&nbsp;<\/p>\n<p>&nbsp;<\/p>\n<p>&nbsp;<\/p>\n<p>&nbsp;<\/p>\n<p>&nbsp;<\/p>\n<p>&nbsp;<\/p>\n<p>&nbsp;<\/p>\n<p>\u00a91990, Fischer Sauerl\u00e4nder Verlag, ISBN978-3737362771<\/p>\n<p>www.fischerverlage.de<\/p>\n<p>Der tschechische Kinderbuchautor und Illustrator Josef Lada ver\u00f6ffentlichte im Jahr 1930 die Geschichten um den Kater Mikesch f\u00fcr eine Kinderzeitschrift des tschechischen Roten Kreuzes. Im Jahr 1958 erschienen sie in einem Buch zusammen gefasst und mit farbigen Tafeln des Kinderbuchautors.<\/p>\n<p>Otfried Preussler erz\u00e4hlte diese Geschichten \u00fcber den sprechenden Kater Mikesch im Jahr 1962 nach. Im Jahr 1963 erhielt Preu\u00dfler f\u00fcr seine Fassung den deutschen Jugendbuchpreis. 1964 wurde das Buch von der Augsburger Puppenkiste als Puppenspiel in 6 Teilen verfilmt.<\/p>\n<p>Im Dorf Holleschitz lebt der kleine Pepik mit seiner Gro\u00dfmutter, seinem Vater, einem Schuster, und dem braven Kater Mikesch. Ebenso wie man einem Papagei das Sprechen beibringen kann, hat Pepik dem Kater Mikesch das Sprechen gelehrt. Da ist eine Attraktion im Dorf! Als noch das brave Schwein Paschik der Familie Schuster zu sprechen beginnt (das hat ihm Mikesch beigebracht) und sich auch der Ziegenbock Bobesch der Gruppe anschlie\u00dft, geschehen allerlei lustige Geschichten in und um Holleschitz..<\/p>\n<p>&nbsp;<\/p>\n<p><strong>\u201eAlles vom R\u00e4uber Hotzenplotz\u201c von Otfried Preu\u00dfler\/F. J. Tripp (1962)<\/strong><\/p>\n<p>Lesealter: 6-8 Jahre<\/p>\n<p><img loading=\"lazy\" class=\"alignleft size-full wp-image-830\" src=\"http:\/\/kinderbuch.blog\/wp-content\/uploads\/2018\/03\/Alles-vom-R\u00e4uber-Hotzenplotz.jpg\" alt=\"\" width=\"202\" height=\"278\" \/><\/p>\n<p>&nbsp;<\/p>\n<p>&nbsp;<\/p>\n<p>&nbsp;<\/p>\n<p>&nbsp;<\/p>\n<p>&nbsp;<\/p>\n<p>&nbsp;<\/p>\n<p>&nbsp;<\/p>\n<p>&nbsp;<\/p>\n<p>&nbsp;<\/p>\n<p>\u00a91987, Thienemann Verlag, ISBN 033449<\/p>\n<p>www.thienemann-esslinger.de<\/p>\n<p>In einer kleinen Stadt treibt der ber\u00fcchtigte R\u00e4uber Hotzenplotz sein Unwesen. Als er Gro\u00dfmutter\u2018s Kaffeem\u00fchle stiehlt und der alten\u00a0 Dame einen geh\u00f6rigen Schrecken versetzt, sehen sich Kasper und Seppel gezwungen, die \u00f6rtliche Polizei in Person des Oberwachtmeisters Dimpfelmoser zu unterst\u00fctzen und bei der Gefangennahme des R\u00e4ubers zu helfen. Doch selbst mit all ihrer List k\u00f6nnen die beiden Freunde den b\u00f6sen R\u00e4uber nicht zur Strecke bringen und geraten \u00fcberdies in die F\u00e4nge des gemeinen Zauberers Petrosilius Zwackelmann. Jetzt kann nur die Hilfe der Fee Amaryllis und der Wahrsagerin Frau Schlotterbeck helfen!<\/p>\n<p>Den Beginn des Buches hat mir mein Vater in der 4. Klasse vorgelesen. Den zweiten Teil habe ich dann begeistert selbst gelesen. Besonders gut gefiel und gef\u00e4llt mir bis heute die Erz\u00e4hlung um den Zauberer Petrosilius Zwackelmann, Kasper\u2018s Abenteuer auf der hohen Heide und am Unkenpfuhl. Hier haben die au\u00dfergew\u00f6hnlich textnahen Bilder von Franz Josef Tripp meine Fantasie befl\u00fcgelt.<\/p>\n<p>In den Fortsetzungsb\u00e4nden wird die Bev\u00f6lkerung des St\u00e4dtchens weiterhin vom R\u00e4uber Hotzenplotz in Atem gehalten, aber Kasper und Seppel sorgen daf\u00fcr, dass es f\u00fcr alle Beteiligten ein gutes Ende nimmt.<\/p>\n<p><strong>\u201eDas kleine Gespenst\u201c von Otfried Preu\u00dfler\/ F.J. Tripp (1966)<\/strong><\/p>\n<p>Lesealter: 6-8 Jahre<\/p>\n<p><img loading=\"lazy\" class=\"alignleft size-medium wp-image-831\" src=\"http:\/\/kinderbuch.blog\/wp-content\/uploads\/2018\/03\/Das-kleine-Gespenst-216x300.jpg\" alt=\"\" width=\"216\" height=\"300\" \/><\/p>\n<p>&nbsp;<\/p>\n<p>&nbsp;<\/p>\n<p>&nbsp;<\/p>\n<p>&nbsp;<\/p>\n<p>&nbsp;<\/p>\n<p>&nbsp;<\/p>\n<p>&nbsp;<\/p>\n<p>&nbsp;<\/p>\n<p>&nbsp;<\/p>\n<p>&nbsp;<\/p>\n<p>\u00a92011, Thienemann Verlag, ISBN978-3522110808<\/p>\n<p>www.thienemann-esslinger.de<\/p>\n<p>\u201eDas kleine Gespenst\u201c lernte ich als Grundsch\u00fclerin im Jahr 1990 \u00fcber ein Karussell-Kassetten-H\u00f6rspiel auf einem Kindergeburtstag kennen und lieh mir das Buch daraufhin in unserer Gemeindeb\u00fccherei aus. Ich empfand die Erz\u00e4hlung als sehr spannend.<\/p>\n<p>Das kleine Gespenst lebt auf der Burg Eulenstein ein beschauliches Gespensterleben. Alln\u00e4chtliche Ansprache findet es in seinem Freund dem Uhu Herrn Schuhu. Eines Tages wird das Gespenst um 12 Uhr wach- aber es ist 12 Uhr am Tag.. \u2013 nicht Mitternacht! Im Sonnenlicht wird das Gespenst ganz schwarz und irrt auf der Suche nach Hilfe durch das St\u00e4dtchen Eulenberg. Hier sorgt der \u201eschwarze Unbekannte\u201c f\u00fcr allerlei Unruhe und Trubel. Endlich findet das Gespenst drei Kinder, die ihm zusammen mit seinem Freund dem alten Uhu Herrn Schuhu aus seiner misslichen Lage helfen k\u00f6nnen..<\/p>\n<p>Seit dem Jahr 2016 gibt es auch zu dieser Erz\u00e4hlung ein Bilderbuch im Thienemann-Verlag mit dem Titel \u201eDas kleine Gespenst: Tohuwabohu auf Burg Eulenstein\u201c. Dieses wurde nach einer Idee Otfried Preusslers von seiner Tochter Susanne Preu\u00dfler-Bitsch verfasst und ist von Daniel Napp illustriert.<\/p>\n<p><strong>\u201eDas kleine Gespenst: Tohuwabohu auf Burg Eulenstein\u201c von Otfried Preu\u00dfler\/Susanne Preu\u00dfler-Bitsch\/ Daniel Napp (2016)<\/strong><\/p>\n<p>Lesealter: 4-6 Jahre<\/p>\n<p><img loading=\"lazy\" class=\"alignleft size-medium wp-image-832\" src=\"http:\/\/kinderbuch.blog\/wp-content\/uploads\/2018\/03\/Das-kleine-Gespenst-Tohuwabohu-auf-Burg-Eulenstein-232x300.jpg\" alt=\"\" width=\"232\" height=\"300\" \/><\/p>\n<p>&nbsp;<\/p>\n<p>&nbsp;<\/p>\n<p>&nbsp;<\/p>\n<p>&nbsp;<\/p>\n<p>&nbsp;<\/p>\n<p>&nbsp;<\/p>\n<p>&nbsp;<\/p>\n<p>&nbsp;<\/p>\n<p>&nbsp;<\/p>\n<p>&nbsp;<\/p>\n<p>\u00a92016, Thienemann Verlag, ISBN 978-3522458092<\/p>\n<p>www.thienemann-esslinger.de<\/p>\n<p>&nbsp;<\/p>\n<p><strong>\u201eDer starke Wanja\u201c von Otfried Preu\u00dfler\/Herbert Holzing (1968)<\/strong><\/p>\n<p>Lesealter: 5-12 Jahre<\/p>\n<p><img loading=\"lazy\" class=\"alignleft size-medium wp-image-833\" src=\"http:\/\/kinderbuch.blog\/wp-content\/uploads\/2018\/03\/Die-Abenteuer-des-starken-Wanja-1-206x300.jpg\" alt=\"\" width=\"206\" height=\"300\" srcset=\"https:\/\/kinderbuch.blog\/wp-content\/uploads\/2018\/03\/Die-Abenteuer-des-starken-Wanja-1-206x300.jpg 206w, https:\/\/kinderbuch.blog\/wp-content\/uploads\/2018\/03\/Die-Abenteuer-des-starken-Wanja-1.jpg 325w\" sizes=\"(max-width: 206px) 100vw, 206px\" \/><\/p>\n<p>&nbsp;<\/p>\n<p>&nbsp;<\/p>\n<p>&nbsp;<\/p>\n<p>&nbsp;<\/p>\n<p>&nbsp;<\/p>\n<p>&nbsp;<\/p>\n<p>&nbsp;<\/p>\n<p>&nbsp;<\/p>\n<p>&nbsp;<\/p>\n<p>&nbsp;<\/p>\n<p>\u00a91983, Thienemann Verlag, ISBN 978-3522134002<\/p>\n<p>www.thienemann-esslinger.de<\/p>\n<p>Bereits der erste Satz des Jugendbuches macht deutlich, dass es sich hier um ein M\u00e4rchen handelt: \u201eEs lebte einmal im heiligen Russland ein Bauer mit Namen Wassili Grigorewitsch, der hatte drei S\u00f6hne: Grischa, Sascha und Wanja\u201c (Otfried Preu\u00dfler: Die Abenteuer des starken Wanja, Zeitverlag, 2008, S. 9). Otfried Preussler fasst in der Erz\u00e4hlung um den Bauernsohnes Wanja verschiedene Motive russischer M\u00e4rchen und Sagen zusammen und gestaltet eine \u00fcberraschende und mitrei\u00dfende Erz\u00e4hlung.<\/p>\n<p>Dem Bauernjungen Wanja wird gleich zu Beginn des Buches von einem blinden alten Mann verhei\u00dfen, dass er Zar werden soll. Als Vorbereitung auf die\u00a0 vor ihm liegenden Aufgaben und Abenteuer soll der 17j\u00e4hrige Junge aber zun\u00e4chst sieben Jahre auf dem Backofen liegen, nur Sonnenblumenkerne essen und kein Wort sprechen. Auch wenn Wanjas Br\u00fcder versuchen es zu verhindern, so meistert Wanja diese Pr\u00fcfung und erlangt dadurch \u00fcbermenschliche Kr\u00e4fte. Nun verl\u00e4sst Wanja sein Vaterhaus und begibt sich auf Wanderschaft um sein Zarenreich zu finden. Unterwegs nutzt er seine St\u00e4rke, um Menschen und Tieren zu helfen. Au\u00dferdem besiegt er den b\u00f6sen Och und die Hexe Baba Jaga. Endlich kommt Wanja am Zarenhof an und erkennt in dem gefangenen Zaren, den alten blinden Mann, der ihm den Zarenthron verhei\u00dfen hat. Und nat\u00fcrlich nimmt das Buch wie im M\u00e4rchen ein gutes Ende.<\/p>\n<p>Seit Fr\u00fchjahr 2018 gibt es eine Neuaustattung des Kinderbuches mit Illustrationen von Maximilian Meinzold:<\/p>\n<p><strong>\u201eDie Abenteuer des starken Wanja\u201cvon Otfried Preussler\/ Maximilian Meinzold (1968)<\/strong><\/p>\n<p>Lesealter: 10-12 Jahre<\/p>\n<p><img loading=\"lazy\" class=\"alignleft size-medium wp-image-834\" src=\"http:\/\/kinderbuch.blog\/wp-content\/uploads\/2018\/03\/Die-Abenteuer-des-starken-Wanja-2-212x300.jpg\" alt=\"\" width=\"212\" height=\"300\" \/><\/p>\n<p>&nbsp;<\/p>\n<p>&nbsp;<\/p>\n<p>&nbsp;<\/p>\n<p>&nbsp;<\/p>\n<p>&nbsp;<\/p>\n<p>&nbsp;<\/p>\n<p>&nbsp;<\/p>\n<p>&nbsp;<\/p>\n<p>&nbsp;<\/p>\n<p>&nbsp;<\/p>\n<p>\u00a92018, Thienemann Verlag, ISBN 978-3522185011<\/p>\n<p>www. thienemann-esslinger.de<\/p>\n<p>&nbsp;<\/p>\n<p><strong>\u201eKrabat\u201c von Otfried Preu\u00dfler (1971)<\/strong><\/p>\n<p>Lesealter: 12-14 Jahre<\/p>\n<p><img loading=\"lazy\" class=\"alignleft size-medium wp-image-835\" src=\"http:\/\/kinderbuch.blog\/wp-content\/uploads\/2018\/03\/Krabat-189x300.jpg\" alt=\"\" width=\"189\" height=\"300\" \/><\/p>\n<p>&nbsp;<\/p>\n<p>&nbsp;<\/p>\n<p>&nbsp;<\/p>\n<p>&nbsp;<\/p>\n<p>&nbsp;<\/p>\n<p>&nbsp;<\/p>\n<p>&nbsp;<\/p>\n<p>&nbsp;<\/p>\n<p>&nbsp;<\/p>\n<p>&nbsp;<\/p>\n<p>\u00a92008, dtv Verlagsgesellschaft, ISBN978-3423252812<\/p>\n<p>www.dtv.de<\/p>\n<p>Der Betteljunge Krabat hat am 3. Januar einen merkw\u00fcrdigen Traum: Er sieht 11 Raben auf einer Stange. Der 12. Platz ist frei. Und dann ruft eine heisere Stimme: \u201eKrabat\u201c- \u201eKrabat\u201c- \u201eKrabat\u201c- \u201eKomm nach Schwarzkollm in die M\u00fchle, es wird nicht zu deinem Schaden sein!\u201c (Otfried Preu\u00dfler: Krabat, dtv, M\u00fcnchen, 2006, S.10). Und entgegen der Warnung eines Dorfbewohners, dass es in der M\u00fchle am Koselbruch nicht geheuer ist, macht sich Krabat auf den Weg. In der M\u00fchle tritt er als Lehrjunge in die Dienste des M\u00fcllers. Sobald er dem Meister seinen Handschlag gibt, erhebt \u201esich ein dumpfes Rumoren und Tosen im Haus.\u201c Die M\u00fchle beginnt wieder ihr Mahlwerk. Gemeinsam mit 11 M\u00fcllerknappen dient Krabat dem Meister und er merkt gleich, dass mit dem ein\u00e4ugigen M\u00fcller etwas nicht stimmt. Krabats Fluchtversuche scheitern und der junge M\u00fcllerbursche hat das Gef\u00fchl, dass es dabei nicht mit rechten Dingen zugeht. Am Karfreitag nimmt der Meister Krabat auch als seinen Sch\u00fcler auf. Er verwandelt die M\u00fcllerburschen in Raben und liest ihnen Abschnitte aus dem Koraktor, dem H\u00f6llenzwang, vor. Diese Zauberspr\u00fcche m\u00fcssen die Sch\u00fcler in Rabengestalt nun rezitieren. Nun ist sich Krabat gewiss- er ist in einer Schwarzen Schule gelandet. Krabat m\u00f6chte seinem Gef\u00e4ngnis entfliehen, aber er wei\u00df nicht, welchem M\u00fcllerburschen er vertrauen kann. Au\u00dferdem wird der Meister misstrauisch und das Leben Krabats und seiner Verb\u00fcndeten ist in Gefahr. Richtig kompliziert wird es, als Krabat sich in ein junges M\u00e4dchen im Dorf verliebt. Aber wie im M\u00e4rchen nimmt die Sage ein gutes Ende und ausgerechnet am Neujahrstag macht sich die junge Kantorka auf den Weg, um Krabat aus den F\u00e4ngen des Meisters zu befreien.<\/p>\n<p>In Preu\u00dflers Erz\u00e4hlung wird das B\u00f6se und Teuflische erfahrbar und in seinen weltlichen Machtstrukturen angedeutet. Im Buch l\u00e4sst Preu\u00dfler schwarz-magische Riten, Handlungen und christliche Br\u00e4uche und Zeichen der Liebe um Macht ringen.<\/p>\n<p>Otfried Preu\u00dfler sagte selbst \u00fcber sein Buch \u201eMein Krabat ist [\u2026] meine Geschichte, die Geschichte meiner Generation und die aller jungen Leute, die mit der Macht und ihren Verlockungen in Ber\u00fchrung kommen und sich darin verstricken.\u201c\u00a0 Krabat sieht sich der Frage gegen\u00fcber, was im Leben wirklich wichtig ist. Und er lernt, welchen Preis es hat, sich zu verkaufen. Das Mahlen von Knochen und Z\u00e4hnen in der M\u00fchle verdeutlicht das. Dies sind menschliche Erfahrungen. So findet der Mensch sich schnell in Gef\u00e4ngnissen und Anh\u00e4ngigkeiten, die von Au\u00dfen auf ihn einwirken oder ihn in seinem Innern zermahlen. Nur die fromme Kantorka schafft es letztendlich diesem Bollwerk der Angst und Unterdr\u00fcckung mit ihrer Unerschrockenheit und Standfestigkeit Einhalt zu gebieten. Damit ist sie die eigentliche Heldin dieser m\u00e4rchenhaften Erz\u00e4hlung. Tiefenpsychologisch erz\u00e4hlt Krabats Geschichte somit von der pers\u00f6nlichen Identit\u00e4tsfindung und der Menschwerdung allgemein.<\/p>\n<p>Otfried Preu\u00dfler hat die Figur des Krabats nicht erfunden, sondern eine sorbische Sage aus dem 18. Jahrhundert aufgearbeitet. Die Figur des Krabats gab es historisch. Der Sagenname bezeichnet Krabats Herkunft \u2013 n\u00e4mlich Kroatien. Im Krieg unter August dem Starken ist Krabat zu\u00a0 Ehren gekommen und wird Lehnsherr des Guts Gro\u00df S\u00e4rchen. Der geheimnisumwitterte Lehnsherr hat bis heute Spuren hinterlassen. So ringt er der sandigen Heide und dem Moor durch fortschrittlichen Landschaftsbau gutes Ackerland ab. Auch hebt er das Lehenswesen zu seinen Lebzeiten auf und verteilt die 40 Pachtl\u00e4nder unter den freien Bauern. Dies brachte ihm gro\u00dfen Respekt in der Bev\u00f6lkerung ein und in Wittichenau, wo Krabat begraben ist, erinnert eine \u201eKrabats\u00e4ule\u201c an Johann Schadowitz, wie Krabat mit Geburtsnamen hie\u00df.<\/p>\n<p>In einzelnen Punkten weicht Preu\u00dflers Fassung von den Originalsagen ab. Hier verl\u00e4uft sich Krabat im Wald und ger\u00e4t so zur Schwarzen M\u00fchle. Auch ist es die Mutter, die Krabat aus den F\u00e4ngen des Meisters befreit. Krabat entwendet den Koraktor und wird ein guter Zauberer, bis er sich im Kampf dem alten Meister stellen muss.\u00a0 Otfried Preu\u00dfler hat mit seinem Werk eine Facette der Sagengestalt Krabat heraus- und neu aufgearbeitet. Das besondere ist dabei, dass man an Krabats Seite die Lehre in der Schwarzen M\u00fchle durchl\u00e4uft und emotional tief ber\u00fchrt wird.<\/p>\n<p>&nbsp;<\/p>\n<p><strong>\u201eH\u00f6rbe mit dem gro\u00dfen Hut\u201c von Otfried Preu\u00dfler (1981)<\/strong><\/p>\n<p>Lesealter: 8-10 Jahre<\/p>\n<p><img loading=\"lazy\" class=\"alignleft size-medium wp-image-836\" src=\"http:\/\/kinderbuch.blog\/wp-content\/uploads\/2018\/03\/H\u00f6rbe-mit-dem-gro\u00dfen-Hut-1-193x300.jpg\" alt=\"\" width=\"193\" height=\"300\" \/><\/p>\n<p>&nbsp;<\/p>\n<p>&nbsp;<\/p>\n<p>&nbsp;<\/p>\n<p>&nbsp;<\/p>\n<p>&nbsp;<\/p>\n<p>&nbsp;<\/p>\n<p>&nbsp;<\/p>\n<p>&nbsp;<\/p>\n<p>&nbsp;<\/p>\n<p>&nbsp;<\/p>\n<p>\u00a92010, Carlsen Verlag, ISBN978-3551356154<\/p>\n<p>www.carlsen.de<\/p>\n<p>Im Siebengiebelwald wohnt der Hutzelmann H\u00f6rbe. Obwohl H\u00f6rbe eigentlich Preisselbeermarmelade einkochen wollte, entscheidet er sich an einem sch\u00f6nen Sp\u00e4tsommertag wandern zu gehen. Bei dieser Wanderung hat er einige Abenteuer zu bestehen und ger\u00e4t in die ber\u00fcchtigten W\u00f6rlitzer W\u00e4lder. Hier soll der gef\u00e4hrliche Plampatsch hausen. Aber H\u00f6rbe trifft nicht den Plampatsch, sondern den Zottelschratz Zwottel. Dieser berichtet dem ver\u00e4ngstigten H\u00f6rbe, dass es in den W\u00f6rlitzer W\u00e4ldern keinen Plampatsch gibt und weil die beiden sich gut verstehen, beschlie\u00dft Zwottel H\u00f6rbe zur\u00fcck in dessen Haus im Siebengiebelwald zu begleiten und bei ihm zu leben.<\/p>\n<p>Ein unterhaltsames, fantasievolles Buch, das sich auch gut als Vorlesebuch eignet. In der vorliegenden Ausgabe und \u00e4lteren Buchausgaben sind Preu\u00dflers eigene Illustrationen zu finden. Diese\u00a0 vermitteln die Liebensw\u00fcrdigkeit und auch Bodenst\u00e4ndigkeit der Bewohner des Siebengiebelwaldes.<\/p>\n<p>In einer Neufassung des Thienemann Verlages aus dem Jahr 2016 hat die Illustratorin Annette Swoboda die Bebilderung \u00fcbernommen. Mich kann diese Fassung nicht \u00fcberzeugen. H\u00f6rbe wird hier bubihaft-kindlich dargestellt und auch die Darstellung der Gefahrensituationen verliert mit der abget\u00f6nten weichen Farbigkeit ihre Wirkkraft.<\/p>\n<p><strong>&#8222;H\u00f6rbe mit dem gro\u00dfen Hut&#8220; von Otfried Preussler\/Annette Swoboda (1981)<\/strong><\/p>\n<p>Lesealter: 6-8 Jahre<\/p>\n<p><img loading=\"lazy\" class=\"alignleft size-medium wp-image-841\" src=\"http:\/\/kinderbuch.blog\/wp-content\/uploads\/2018\/03\/H\u00f6rbe-mit-dem-gro\u00dfen-Hut-213x300.jpg\" alt=\"\" width=\"213\" height=\"300\" \/><\/p>\n<p>&nbsp;<\/p>\n<p>&nbsp;<\/p>\n<p>&nbsp;<\/p>\n<p>&nbsp;<\/p>\n<p>&nbsp;<\/p>\n<p>&nbsp;<\/p>\n<p>&nbsp;<\/p>\n<p>&nbsp;<\/p>\n<p>&nbsp;<\/p>\n<p>&nbsp;<\/p>\n<p>\u00a92016, Thienemann Verlag, ISBN978-3522184243<\/p>\n<p>www.thienemann-esslinger.de<\/p>\n<p>&nbsp;<\/p>\n<p><strong>\u201eH\u00f6rbe und sein Freund Zwottel\u201c von Otfried Preu\u00dfler (1983)<\/strong><\/p>\n<p>Lesealter: 8-10 Jahre<\/p>\n<p><img loading=\"lazy\" class=\"alignleft size-medium wp-image-837\" src=\"http:\/\/kinderbuch.blog\/wp-content\/uploads\/2018\/03\/H\u00f6rbe-und-sein-Freund-Zwottel-194x300.jpg\" alt=\"\" width=\"194\" height=\"300\" \/><\/p>\n<p>&nbsp;<\/p>\n<p>&nbsp;<\/p>\n<p>&nbsp;<\/p>\n<p>&nbsp;<\/p>\n<p>&nbsp;<\/p>\n<p>&nbsp;<\/p>\n<p>&nbsp;<\/p>\n<p>&nbsp;<\/p>\n<p>&nbsp;<\/p>\n<p>&nbsp;<\/p>\n<p>\u00a92007, Carlsen Verlag, ISBN978-3551356147<\/p>\n<p>www.calsen.de<\/p>\n<p>Im zweiten Band \u00fcber die beiden Freunde H\u00f6rbe und Zwottel naht der Winter. Es hat sich gezeigt, dass ein Zwottelschratz \u00fcber einen ausgepr\u00e4gten Appetit verf\u00fcgt und H\u00f6rbe f\u00fcrchtet um ihr Auskommen w\u00e4hrend der kalten Wintermonate. Zum Gl\u00fcck helfen die anderen Hutzelm\u00e4nner des Siebengiebelwaldes aus und so starten die beiden in einen Winter, der noch einige Abenteuer f\u00fcr die beiden Freunde bereit h\u00e4lt..<\/p>\n<p>&nbsp;<\/p>\n<p><strong>Weitere sch\u00f6ne B\u00fccher von Otfried Preu\u00dfler sind:<\/strong><\/p>\n<p><strong>\u201eDie dumme Augustine\u201c von Otfried Preu\u00dfler\/ Herbert Lentz\u00a0 (1971)<\/strong><\/p>\n<p>Lesealter: 4-6 Jahre<\/p>\n<p><img loading=\"lazy\" class=\"alignleft size-medium wp-image-838\" src=\"http:\/\/kinderbuch.blog\/wp-content\/uploads\/2018\/03\/Die-dumme-Augustine-223x300.jpg\" alt=\"\" width=\"223\" height=\"300\" \/><\/p>\n<p>&nbsp;<\/p>\n<p>&nbsp;<\/p>\n<p>&nbsp;<\/p>\n<p>&nbsp;<\/p>\n<p>&nbsp;<\/p>\n<p>&nbsp;<\/p>\n<p>&nbsp;<\/p>\n<p>&nbsp;<\/p>\n<p>&nbsp;<\/p>\n<p>&nbsp;<\/p>\n<p>\u00a91971, Thienemann-Verlag, ISBN 978-3522410601<\/p>\n<p><a href=\"http:\/\/www.thienemann-esslinger.de\">www.thienemann-esslinger.de<\/a><\/p>\n<p>&nbsp;<\/p>\n<p><strong>\u201eDie Zenzi mit dem Wackelzahn\u201c von Otfried Preu\u00dfler\/Rolf Rettich (1995)<\/strong><\/p>\n<p>Lesealter: 6-8 Jahre<\/p>\n<p><img loading=\"lazy\" class=\"alignleft size-medium wp-image-839\" src=\"http:\/\/kinderbuch.blog\/wp-content\/uploads\/2018\/03\/Die-Zenzi-mit-dem-Wackelzahn-192x300.jpg\" alt=\"\" width=\"192\" height=\"300\" \/><\/p>\n<p>&nbsp;<\/p>\n<p>&nbsp;<\/p>\n<p>&nbsp;<\/p>\n<p>&nbsp;<\/p>\n<p>&nbsp;<\/p>\n<p>&nbsp;<\/p>\n<p>&nbsp;<\/p>\n<p>&nbsp;<\/p>\n<p>&nbsp;<\/p>\n<p>&nbsp;<\/p>\n<p>\u00a91995, Deutscher Taschenbuchverlag, ISBN 978-3423750394<\/p>\n<p><a href=\"http:\/\/www.dtv.de\">www.dtv.de<\/a><\/p>\n<p>&nbsp;<\/p>\n<p><strong>\u201eDer Engel mit der Pudelm\u00fctze- 6 Weihnachtsgeschichten\u201c von Otfried Preussler\/Herbert Holzing (1997)<\/strong><\/p>\n<p>Lesealter: ab 8 Jahren<\/p>\n<p><img loading=\"lazy\" class=\"alignleft size-medium wp-image-840\" src=\"http:\/\/kinderbuch.blog\/wp-content\/uploads\/2018\/03\/Der-Engel-mit-der-Pudelm\u00fctze-209x300.jpg\" alt=\"\" width=\"209\" height=\"300\" \/><\/p>\n<p>&nbsp;<\/p>\n<p>&nbsp;<\/p>\n<p>&nbsp;<\/p>\n<p>&nbsp;<\/p>\n<p>&nbsp;<\/p>\n<p>&nbsp;<\/p>\n<p>&nbsp;<\/p>\n<p>&nbsp;<\/p>\n<p>&nbsp;<\/p>\n<p>&nbsp;<\/p>\n<p>&nbsp;<\/p>\n<p>\u00a92006, Thienemann Verlag, ISBN<\/p>\n<p>www.thienemann-esslinger.de<\/p>\n<p>&nbsp;<\/p>\n<p><strong>&#8222;Der R\u00e4uber Hotzenplotz und die Mondrakete\u201c von Otfried Preu\u00dfler\/ Thorsten Saleina (2018)<\/strong><\/p>\n<p>Im Mai 2018 ist die Zwischenepisode \u201eDer R\u00e4uber Hotzenplotz und die Mondrakete\u201c \u00a0um den R\u00e4uber Hotzenplotz, Kasperl und Seppel beim Thienemann Verlag erschienen. Inhaltlich gestaltet sich die Erz\u00e4hlung im Vergleich zu den Vorg\u00e4ngerb\u00fcchern einfach:<\/p>\n<p>Kasperls Gro\u00dfmutter liest in ihrer K\u00fcche Zeitung. Da kommt Kasperl dazu und w\u00fcnscht sich zum Mittagessen Schwammerlsuppe mit Speck, Zwiebeln und Kn\u00f6deln. Als sich Kasperl auf den Weg machen m\u00f6chte, Seppel zu suchen, l\u00e4uft er Wachtmeister Dimpfelmoser in die Arme. Dieser verbietet Kasperl das Haus zu verlassen, weil der ber\u00fcchtigte R\u00e4uber Hotzenplotz\u00a0 \u201evor einer halben Stunde \u2013 und f\u00fcnf Minuten\u201c (S.9f) aus dem Spritzenhaus ausgebrochen sei.<\/p>\n<p>Kasperl beruhigt den aufgeregten Polizisten und sichert ihm zu, dass er gemeinsam mit Seppel den R\u00e4uber schon wieder einfangen wird. Kasperl macht sich auf den Weg in den Garten, um Seppel zu wecken, der in der Gartenlaube ein Nickerchen h\u00e4lt. Seppel\u2019s spontaner Ausruf \u201eDen k\u00f6nnte ich auf den Mond schie\u00dfen!\u201c (S.14) bringt Kasperl allerdings auf eine abenteuerliche Idee. Sofort\u00a0 machen sich die beiden Freunde ans Werk und schleppen eifrig Kartonage, Kleister und silbernes Klebeband aus Gro\u00dfmutters Keller in den Garten. Und nun beginnt die gro\u00dfe Bastelei!<\/p>\n<p>Bald ist eine riesige silberne Kartonrolle fertig und Kasperl schreibt mit schwarzer Farbe \u201eMondrakete\u201c darauf. Das Monstrum kommt zusammen mit mit ein paar Schn\u00fcren und S\u00e4cken auf den Handleiterwagen der Gro\u00dfmutter und ab geht es zum R\u00e4uberwald! Dort liegt der R\u00e4uber Hotzenplotz derweil im Geb\u00fcsch und macht laut schnarchend eine wohlverdiente Pause. Mitten im sch\u00f6nsten R\u00e4ubertraum wacht er auf und entdeckt Kasperl und Seppel, die sich lauthals mit der besonderen Fracht auf dem Leiterwagen abm\u00fchen und in einen Streit verwickelt sind. Die beiden k\u00f6nnen sich einfach nicht einig werden, wer zum Mond fliegen darf, um von dem dortigen Mondsilber mitzubringen. Der R\u00e4uber Hotzenplotz meint seinen Ohren nicht zu trauen und springt den beiden direkt vor die F\u00fc\u00dfe. Mit vorgehaltener Pfefferpistole fordert er die beiden Streith\u00e4hne auf, ihn mit der Rakete auf den Mond zu schie\u00dfen. Und nun geht die Raumfahrt los: Zun\u00e4chst streifen die beiden Freunde dem R\u00e4uber einen Kartoffelsack als Raumanzug \u00fcber. Mit den Schn\u00fcren wird der R\u00e4uber fest angeschnallt und zuguterletzt in die Rakete gepropft. Als die Rakete beladen ist, kommt sie auf den Bollerwagen und an Bord dieser Startrampe beginnt die wilde Fahrt zur\u00fcck ins St\u00e4dtchen. Nebenbei z\u00e4hlen Kasperl und Seppel immer wieder den Countdown runter und als sie schlie\u00dflich oben am Bergkamm angekommen sind, kann die wilde Mondfahrt beginnen. Mittlerweile ist auch dem R\u00e4uber klargeworden, dass er betrogen wurde. Aber Hotzenplotz ist so gut verpackt, dass er sich nicht r\u00fchren kann. Endlich stoppt die Mondrakete und zwar vor der Wachstube des Wachtmeisters Alois Dimpfelmoser. Dieser kann er sein Gl\u00fcck zun\u00e4chst nicht fassen. Doch schlie\u00dflich setzt sich ein feierlicher Triumphzug zum Kreisstadtgef\u00e4ngnis in Bewegung.<\/p>\n<p>Am Schluss endet der erfolgreiche Tag wieder in der Stube der Gro\u00dfmutter. Diese kredenzt Kasperl, Seppel und dem Wachtmeister Dimpfelmoser wie versprochen die dampfenden Kn\u00f6del und die Schwammerlsuppe.<\/p>\n<p><strong>\u201eDer R\u00e4uber Hotzenplotz und die Mondrakete\u201c von Otfried Preu\u00dfler\/ Thorsten Saleina (2018)<\/strong><\/p>\n<p>Lesealter: 6-8 Jahre<\/p>\n<p><img loading=\"lazy\" class=\"alignleft size-medium wp-image-1152\" src=\"http:\/\/kinderbuch.blog\/wp-content\/uploads\/2018\/05\/Der-R\u00e4uber-Hotzenplotz-und-die-Mondrakete-215x300.jpg\" alt=\"\" width=\"215\" height=\"300\" srcset=\"https:\/\/kinderbuch.blog\/wp-content\/uploads\/2018\/05\/Der-R\u00e4uber-Hotzenplotz-und-die-Mondrakete-215x300.jpg 215w, https:\/\/kinderbuch.blog\/wp-content\/uploads\/2018\/05\/Der-R\u00e4uber-Hotzenplotz-und-die-Mondrakete.jpg 357w\" sizes=\"(max-width: 215px) 100vw, 215px\" \/><\/p>\n<p>&nbsp;<\/p>\n<p>&nbsp;<\/p>\n<p>&nbsp;<\/p>\n<p>&nbsp;<\/p>\n<p>&nbsp;<\/p>\n<p>&nbsp;<\/p>\n<p>&nbsp;<\/p>\n<p>&nbsp;<\/p>\n<p>&nbsp;<\/p>\n<p>&nbsp;<\/p>\n<p>\u00a92018, Thienemann Verlag, ISBN 9783522185103<\/p>\n<p><a href=\"http:\/\/www.thienemann-esslinger.de\">www.thienemann-esslinger.de<\/a><\/p>\n<p>&nbsp;<\/p>\n<p>Die Geschichte und ihre Dialoge entstammen dem B\u00fchnenst\u00fcck \u201eDie Fahrt auf den Mond\u201c, das 1969 erstmals in einem Puppentheatersammelband des Thienemann Verlags erschien. \u00a0Otfried Preu\u00dfler schrieb das St\u00fcck 1967 in einer Schaffenspause an seinem Jugendbuch \u201eKrabat\u201c. Das Puppentheaterst\u00fcck wurde von seiner Tochter Susanne Preu\u00dfler-Bitsch 2017 im Nachlass entdeckt. Preu\u00dfler-Bitsch brachte es in die Erz\u00e4hlform und die Geschichte wurde mit Illustrationen von Thorsten Saleina versehen.<\/p>\n<p>Ich finde die Erz\u00e4hlung unterhaltsam und einige Dialoge und Entwicklungen wirklich am\u00fcsant. Beim ersten Lesen geriet ich allerdings bereits bei der Einleitung ins Stocken und war nicht wie sonst von Otfried Preu\u00dflers Bucheinleitungen in Bann gezogen. Die Rahmenhandlung der Gro\u00dfmutter , die in der K\u00fcche das Essen vorbereitet, ist von Sprache und Dialogf\u00fchrung nicht mit Otfried Preu\u00dflers Stil zu vergleichen. Der Autor schaffte es in seinen anderen Werken scheinbar m\u00fchelos den Leser sofort in die idyllische Welt seiner Protagonisten zu ziehen.<\/p>\n<p>Auch wenn die Illustrationen mit den genialen Bildern J.F. Tripps der alten R\u00e4uber Hotzenplotz-B\u00e4nde aus den 1960er Jahren nicht mithalten k\u00f6nnen, finde ich sie dennoch gelungen, humorvoll und ansprechend. Bereits das erste Bild auf Seite 4 ist ein Hingucker. Was mir entging, aber meiner Tochter sofort auffiel: \u00a0ganz versteckt im rechten oberen Eck des K\u00fcchenfensters lukt ein Auge des gewieften R\u00e4ubers in die gem\u00fctliche K\u00fcchenstube der Gro\u00dfmutter. Auch der Schlapphut mit der roten Krempe und der roten Feder ist klein erkennbar. Damit wird dem aufmerksamen Kind gleich klar: der R\u00e4uber Hotzenplotz l\u00e4uft frei herum und h\u00e4lt bereits Ausschau nach neuen Opfern\u2026 Das sorgt f\u00fcr Spannung.<\/p>\n<p>\u00c4hnlich wie Axel Scheffler stellt Saleina in diesem Buch Menschen und Tiere mit runden Augen dar, dadurch sieht der B\u00f6sewicht Hotzenplotz nicht be\u00e4ngstigend aus. Das Buch ist f\u00fcr Kinder von 6 bis 8 Jahren empfohlen. Durch seine Aufmachung ist es meiner Meinung auch als Vorlesebuch f\u00fcr j\u00fcngere Kinder geeignet. Darauf weist auch das Buchformat hin, dass sich zwischen Bilderbuch und Erstleserbuch bewegt. Mir pers\u00f6nlich gef\u00e4llt die verulkende Darstellung Saleinas , trotz der auch die Urt\u00fcmlichkeit der Naturdarstellungen und die heimelige Lebensumgebung nicht zu kurz kommen.<\/p>\n<p>Ein nettes Kinderbuch, das Erstlesern einen vereinfachten Einstieg in die Kasperle- Reihe bieten kann oder als Schwank zwischen dem ersten und zweiten R\u00e4uber Hotzenplotz-Band bestehen kann.<\/p>\n","protected":false},"excerpt":{"rendered":"<p>Otfried Preussler\u2018s Kinderbuchklassiker entstanden teilweise vor mehr als 60 Jahren. Ihr Erfolg ist ungebrochen und es hat sich um sie ein riesiges Medienspektrum gebildet. Otfried Preu\u00dfler, der als Volksschullehrer bereits fantasievoll Geschichten f\u00fcr Kinder erdachte und bebilderte, hat einen Schreibstil, der von der ersten bis zur letzten Seite mitrei\u00dft. Neben den fantasievollen Geschichten, ihrer gelungenen Dramaturgie ist es vor allen [&#8230;]<\/p>\n","protected":false},"author":1,"featured_media":1786,"comment_status":"open","ping_status":"open","sticky":false,"template":"","format":"standard","meta":[],"categories":[6,48],"tags":[],"_links":{"self":[{"href":"https:\/\/kinderbuch.blog\/index.php?rest_route=\/wp\/v2\/posts\/824"}],"collection":[{"href":"https:\/\/kinderbuch.blog\/index.php?rest_route=\/wp\/v2\/posts"}],"about":[{"href":"https:\/\/kinderbuch.blog\/index.php?rest_route=\/wp\/v2\/types\/post"}],"author":[{"embeddable":true,"href":"https:\/\/kinderbuch.blog\/index.php?rest_route=\/wp\/v2\/users\/1"}],"replies":[{"embeddable":true,"href":"https:\/\/kinderbuch.blog\/index.php?rest_route=%2Fwp%2Fv2%2Fcomments&post=824"}],"version-history":[{"count":8,"href":"https:\/\/kinderbuch.blog\/index.php?rest_route=\/wp\/v2\/posts\/824\/revisions"}],"predecessor-version":[{"id":1200,"href":"https:\/\/kinderbuch.blog\/index.php?rest_route=\/wp\/v2\/posts\/824\/revisions\/1200"}],"wp:featuredmedia":[{"embeddable":true,"href":"https:\/\/kinderbuch.blog\/index.php?rest_route=\/wp\/v2\/media\/1786"}],"wp:attachment":[{"href":"https:\/\/kinderbuch.blog\/index.php?rest_route=%2Fwp%2Fv2%2Fmedia&parent=824"}],"wp:term":[{"taxonomy":"category","embeddable":true,"href":"https:\/\/kinderbuch.blog\/index.php?rest_route=%2Fwp%2Fv2%2Fcategories&post=824"},{"taxonomy":"post_tag","embeddable":true,"href":"https:\/\/kinderbuch.blog\/index.php?rest_route=%2Fwp%2Fv2%2Ftags&post=824"}],"curies":[{"name":"wp","href":"https:\/\/api.w.org\/{rel}","templated":true}]}}