{"id":763,"date":"2018-02-04T08:38:21","date_gmt":"2018-02-04T08:38:21","guid":{"rendered":"http:\/\/kinderbuch.blog\/?p=763"},"modified":"2020-06-19T07:37:57","modified_gmt":"2020-06-19T07:37:57","slug":"max-kruse","status":"publish","type":"post","link":"https:\/\/kinderbuch.blog\/?p=763","title":{"rendered":"Max Kruse &#8211; Von Abenteurern und ihren sprechenden Tieren"},"content":{"rendered":"<p>Max Kruse , ein Sohn der Puppenmacherin K\u00e4the Kruse, baute die Firma seiner Mutter nach dem Zweiten Weltkrieg in Westdeutschland zun\u00e4chst wieder mit auf und \u00fcbergab die Leitung dann an seine j\u00fcngere Schwester. Ab seinem 30. Lebensjahr widmete er sich nur noch dem Schreiben und verfasste viele Kinderbuchreihen, die bis heute beliebt sind und teilweise von der Augsburger Puppenkiste verfilmt wurden. Als Klassiker sticht seine Kinderbuchreihe vom Urmel heraus. Diese B\u00fccher sind vom Thienemann Verlag mittlerweile zum Teil auch als Bilderb\u00fccher ver\u00f6ffentlicht worden. Au\u00dferdem schrieb Max Kruse auch f\u00fcr Jugendliche und Erwachsene.<br \/>\n<strong>\u201eUrmel aus dem Eis\u201c von Max Kruse\/ Erich H\u00f6lle (1969)<\/strong><br \/>\nLesealter: 8-10 Jahre<br \/>\n<img loading=\"lazy\" class=\"alignleft size-medium wp-image-764\" src=\"http:\/\/kinderbuch.blog\/wp-content\/uploads\/2018\/02\/Urmel-aus-dem-Eis-211x300.jpg\" alt=\"\" width=\"211\" height=\"300\" \/><\/p>\n<p>&nbsp;<\/p>\n<p>&nbsp;<\/p>\n<p>&nbsp;<\/p>\n<p>&nbsp;<\/p>\n<p>&nbsp;<\/p>\n<p>&nbsp;<\/p>\n<p>&nbsp;<\/p>\n<p>&nbsp;<\/p>\n<p>&nbsp;<\/p>\n<p>&nbsp;<\/p>\n<p>\u00a91994, Thienemann Verlag, ISBN978-3522169028<br \/>\nwww.thienemann-esslinger.de<br \/>\nVor Millionen Jahren legt Mutter Urmel ein Ei. Leider bricht just an diesem Tag die lange Eiszeit an und es beginnt unabl\u00e4ssig zu schneien. Seitdem wurde von der Gattung der Urmel nichts mehr vernommen.<\/p>\n<p>Nun beginnt die eigentliche Handlung der Geschichte aber in warmen Gefilden- n\u00e4mlich der Insel Titiwu. Dorthin ist der Professor Habakuk Tibatong mit seinem Schwein Wutz und dem Waisenjungen Tim Tintenklecks aus der Universit\u00e4tsstadt Winkelberg ausgewandert, weil seine Studien und Experimente zur Sprachentwicklung von Tieren auf Unverst\u00e4ndnis und H\u00e4me stie\u00dfen.<br \/>\nAuf der einsamen Insel Titiwu er\u00f6ffnete Professor Tibatong eine Sprachschule f\u00fcr Tiere und ist damit sehr erfolgreich. Der Schuhschnabel Schusch, der Pinguin Ping, der Waran Wawa, der Seele-fant sind Bewohner der Insel und lernen \u2013 abgesehen von charakteristischen Sprachfehlern- das Sprechen. Aufregung bricht aus, als eines Tages ein Eisberg mit einem eingefrorenen Ei an den Strand der Insel gesp\u00fclt wird. Und nachdem die Tiere abwechselnd das Ei ausgebr\u00fctet haben, ist Professor Tibatong sofort klar, um welche Tierart es sich bei dem Eiinsassen handelt: Ein Urmel.<br \/>\nEndlich sieht er seine Theorie best\u00e4tigt, dass es die Urmel tats\u00e4chlich gab und teilt diese Erkenntnis in einer Flaschenpost dem Direktor des Naturkundlichen Museums von Pumpelon mit. Derweil wird das Urmel vom Haush\u00e4lterin-Schwein Wutz aufgezogen und lernt ebenfalls zu sprechen. Leider wird der Friede der Insel wenig sp\u00e4ter empfindlich gest\u00f6rt.<br \/>\nDie Flaschenpost hatte n\u00e4mlich indessen den Museumsdirektor Zwengelmann erreicht und dieser beauftragt sofort den K\u00f6nig des Landes Pumpelonien das Urmel lebendig oder tot f\u00fcr den Zoo oder f\u00fcr das Museum zu holen. Schnell setzt sich der abenteuerlustige K\u00f6nig Futsch gemeinsam mit seinem jungen Diener Sami in den Hubschrauber, um dieses sagenhafte Urmel zu jagen. Zum Gl\u00fcck ersinnt der schlaue Waran Wawa eine List, um das kleine Urmel zu retten und l\u00fcftet mit Hilfe des Professors gleichzeitig noch die Geheimnisse um den hohen Berg Homi der Insel Titiwu.<\/p>\n<p>Ein spannendes Buch, das in lebendiger Sprache und mit witzigen Figuren ein fantasievolles Abenteuer schildert. Daher gef\u00e4llt mir der erste Band der Urmel-Reihe am besten. Hier ist die Geschichte und die Figurendarstellung besonders stimmig. Das Kinderbuch wurde im Jahr 1969 von der Augsburger Puppenkiste verfilmt, was auch zum Erfolg der Buchreihe beigetragen hat. Von den Folgeb\u00e4nden der Buchreihe war ich allerdings teilweise entt\u00e4uscht, da sie manchmal sehr konstruiert wirken.<\/p>\n<p>Von der Urmelreihe gibt es mehrere Sammelb\u00e4nde. Auch wurden im Thienemann-Verlag j\u00fcngst zahlreiche Urmelb\u00fccher gemeinsam mit dem Illustrator G\u00fcnther Jakobs als Bilderb\u00fccher aufbereitet. Dieser gestaltet das Urmel etwas kindlicher und niedlicher aus, als der urspr\u00fcngliche Illustrator Erich H\u00f6lle dies getan hat. Somit soll die Zielgruppe um die Kinder im Alter von 4-6 Jahren erweitert werden.<br \/>\n<strong>\u201eUrmel taucht ins Meer\u201c von Max Kruse \/Erich H\u00f6lle (1970)<\/strong><br \/>\nLesealter: 8-10 Jahre<br \/>\n<img loading=\"lazy\" class=\"alignleft size-medium wp-image-765\" src=\"http:\/\/kinderbuch.blog\/wp-content\/uploads\/2018\/02\/Urmel-taucht-ins-Meer-199x300.jpg\" alt=\"\" width=\"199\" height=\"300\" \/><\/p>\n<p>&nbsp;<\/p>\n<p>&nbsp;<\/p>\n<p>&nbsp;<\/p>\n<p>&nbsp;<\/p>\n<p>&nbsp;<\/p>\n<p>&nbsp;<\/p>\n<p>&nbsp;<\/p>\n<p>&nbsp;<\/p>\n<p>&nbsp;<\/p>\n<p>\u00a91995, Thienemann Verlag, ISBN 9783522169059<br \/>\nwww.thienemann-esslinger.de<\/p>\n<p>&nbsp;<\/p>\n<p><strong>\u201eUrmel fliegt ins All\u201c von Max Kruse\/Erich H\u00f6lle (1970)<\/strong><br \/>\nLesealter: 8-10 Jahre<br \/>\n<img loading=\"lazy\" class=\"alignleft size-medium wp-image-766\" src=\"http:\/\/kinderbuch.blog\/wp-content\/uploads\/2018\/02\/Urmel-fliegt-ins-All-210x300.jpg\" alt=\"\" width=\"210\" height=\"300\" \/><\/p>\n<p>&nbsp;<\/p>\n<p>&nbsp;<\/p>\n<p>&nbsp;<\/p>\n<p>&nbsp;<\/p>\n<p>&nbsp;<\/p>\n<p>&nbsp;<\/p>\n<p>&nbsp;<\/p>\n<p>&nbsp;<\/p>\n<p>&nbsp;<\/p>\n<p>&nbsp;<\/p>\n<p>\u00a91994 ,Thienemann Verlag, ISBN 978-3522169035<br \/>\nwww.thienemann-esslinger.de<\/p>\n<p>&nbsp;<\/p>\n<p><strong>\u201eUrmel spielt im Schloss\u201c von Max Kruse\/Erich H\u00f6lle (1972)<\/strong><br \/>\nLesealter:8-10 Jahre<br \/>\n<img loading=\"lazy\" class=\"alignleft size-medium wp-image-767\" src=\"http:\/\/kinderbuch.blog\/wp-content\/uploads\/2018\/02\/Urmel-spielt-im-Schloss-197x300.jpg\" alt=\"\" width=\"197\" height=\"300\" \/><\/p>\n<p>&nbsp;<\/p>\n<p>&nbsp;<\/p>\n<p>&nbsp;<\/p>\n<p>&nbsp;<\/p>\n<p>&nbsp;<\/p>\n<p>&nbsp;<\/p>\n<p>&nbsp;<\/p>\n<p>&nbsp;<\/p>\n<p>&nbsp;<\/p>\n<p>&nbsp;<\/p>\n<p>\u00a9 1995,Thienemann Verlag, ISBN 978-3522169066<br \/>\nwww.thienemann-esslinger.de<\/p>\n<p>&nbsp;<\/p>\n<p><strong>\u201eUrmel zieht zum Pol\u201c von Max Kruse\/Erich H\u00f6lle (1972)<\/strong><br \/>\nLesealter:8-10 Jahre<br \/>\n<img loading=\"lazy\" class=\"alignleft size-medium wp-image-768\" src=\"http:\/\/kinderbuch.blog\/wp-content\/uploads\/2018\/02\/Urmel-zieht-zum-Pol-210x300.jpg\" alt=\"\" width=\"210\" height=\"300\" \/><\/p>\n<p>&nbsp;<\/p>\n<p>&nbsp;<\/p>\n<p>&nbsp;<\/p>\n<p>&nbsp;<\/p>\n<p>&nbsp;<\/p>\n<p>&nbsp;<\/p>\n<p>&nbsp;<\/p>\n<p>&nbsp;<\/p>\n<p>&nbsp;<\/p>\n<p>&nbsp;<\/p>\n<p>\u00a9 1994,Thienemann Verlag, ISBN 978-3522169073<br \/>\nwww.thienemann-esslinger.de<\/p>\n<p>&nbsp;<\/p>\n<p><strong>\u201eUrmel im Vulkan\u201c von Max Kruse\/Erich H\u00f6lle (1973)<\/strong><br \/>\nLesealter:8-10 Jahre<br \/>\n<img loading=\"lazy\" class=\"alignleft size-medium wp-image-769\" src=\"http:\/\/kinderbuch.blog\/wp-content\/uploads\/2018\/02\/Urmel-im-Vulkan-197x300.jpg\" alt=\"\" width=\"197\" height=\"300\" \/><\/p>\n<p>&nbsp;<\/p>\n<p>&nbsp;<\/p>\n<p>&nbsp;<\/p>\n<p>&nbsp;<\/p>\n<p>&nbsp;<\/p>\n<p>&nbsp;<\/p>\n<p>&nbsp;<\/p>\n<p>&nbsp;<\/p>\n<p>&nbsp;<\/p>\n<p>&nbsp;<\/p>\n<p>\u00a9 1995,Thienemann Verlag, ISBN 978-3522169080<br \/>\nwww.thienemann-esslinger.de<\/p>\n<p>&nbsp;<\/p>\n<p><strong>\u201eUrmels toller Traum\u201c von Max Kruse\/Erich H\u00f6lle (1974)<\/strong><br \/>\nLesealter: 8-10 Jahre<br \/>\n<img loading=\"lazy\" class=\"alignleft size-medium wp-image-770\" src=\"http:\/\/kinderbuch.blog\/wp-content\/uploads\/2018\/02\/Urmels-toller-Traum-204x300.jpg\" alt=\"\" width=\"204\" height=\"300\" srcset=\"https:\/\/kinderbuch.blog\/wp-content\/uploads\/2018\/02\/Urmels-toller-Traum-204x300.jpg 204w, https:\/\/kinderbuch.blog\/wp-content\/uploads\/2018\/02\/Urmels-toller-Traum.jpg 322w\" sizes=\"(max-width: 204px) 100vw, 204px\" \/><\/p>\n<p>&nbsp;<\/p>\n<p>&nbsp;<\/p>\n<p>&nbsp;<\/p>\n<p>&nbsp;<\/p>\n<p>&nbsp;<\/p>\n<p>&nbsp;<\/p>\n<p>&nbsp;<\/p>\n<p>&nbsp;<\/p>\n<p>&nbsp;<\/p>\n<p>&nbsp;<\/p>\n<p>\u00a91996 ,Thienemann Verlag, ISBN 978-3522169097<br \/>\nwww.thienemann-esslinger.de<\/p>\n<p>&nbsp;<\/p>\n<p><strong>\u201eUrmels gro\u00dfer Flug\u201c von Max Kruse\/Erich H\u00f6lle (1974)<\/strong><br \/>\nLesealter:8-10 Jahre<br \/>\n<img loading=\"lazy\" class=\"alignleft size-medium wp-image-771\" src=\"http:\/\/kinderbuch.blog\/wp-content\/uploads\/2018\/02\/Urmels-gro\u00dfer-Flug-203x300.jpg\" alt=\"\" width=\"203\" height=\"300\" srcset=\"https:\/\/kinderbuch.blog\/wp-content\/uploads\/2018\/02\/Urmels-gro\u00dfer-Flug-203x300.jpg 203w, https:\/\/kinderbuch.blog\/wp-content\/uploads\/2018\/02\/Urmels-gro\u00dfer-Flug.jpg 337w\" sizes=\"(max-width: 203px) 100vw, 203px\" \/><\/p>\n<p>&nbsp;<\/p>\n<p>&nbsp;<\/p>\n<p>&nbsp;<\/p>\n<p>&nbsp;<\/p>\n<p>&nbsp;<\/p>\n<p>&nbsp;<\/p>\n<p>&nbsp;<\/p>\n<p>&nbsp;<\/p>\n<p>&nbsp;<\/p>\n<p>&nbsp;<\/p>\n<p>\u00a91995 ,Thienemann Verlag, ISBN 978-3522169042<\/p>\n<p>www.thienemann-esslinger.de<\/p>\n<p>&nbsp;<\/p>\n<p><strong>\u201eUrmel wird ein Star\u201c von Max Kruse\/Erich H\u00f6lle (1975)<\/strong><br \/>\nLesealter:8-10 Jahre<br \/>\n<img loading=\"lazy\" class=\"alignleft size-medium wp-image-772\" src=\"http:\/\/kinderbuch.blog\/wp-content\/uploads\/2018\/02\/Urmel-wird-ein-Star-215x300.jpg\" alt=\"\" width=\"215\" height=\"300\" \/><\/p>\n<p>&nbsp;<\/p>\n<p>&nbsp;<\/p>\n<p>&nbsp;<\/p>\n<p>&nbsp;<\/p>\n<p>&nbsp;<\/p>\n<p>&nbsp;<\/p>\n<p>&nbsp;<\/p>\n<p>&nbsp;<\/p>\n<p>&nbsp;<\/p>\n<p>&nbsp;<\/p>\n<p>\u00a9 1995,Thienemann Verlag, ISBN 978-3522169103<br \/>\nwww.thienemann-esslinger.de<\/p>\n<p>&nbsp;<\/p>\n<p><strong>\u201eUrmels Lichterbaum im Eismeer\u201c von Max Kruse\/Erich H\u00f6lle (1998)<\/strong><br \/>\nLesealter: 6-10 Jahre<br \/>\n<img loading=\"lazy\" class=\"alignleft size-medium wp-image-773\" src=\"http:\/\/kinderbuch.blog\/wp-content\/uploads\/2018\/02\/Urmels-Lichterbaum-im-Eismeer-210x300.jpg\" alt=\"\" width=\"210\" height=\"300\" \/><\/p>\n<p>&nbsp;<\/p>\n<p>&nbsp;<\/p>\n<p>&nbsp;<\/p>\n<p>&nbsp;<\/p>\n<p>&nbsp;<\/p>\n<p>&nbsp;<\/p>\n<p>&nbsp;<\/p>\n<p>&nbsp;<\/p>\n<p>&nbsp;<\/p>\n<p>&nbsp;<\/p>\n<p>\u00a91998 ,Thienemann Verlag, ISBN 978-3522173155<br \/>\nwww.thienemann-esslinger.de<\/p>\n<p>&nbsp;<\/p>\n<p><strong>\u201eUrmel f\u00e4hrt Ballon\u201c von Max Kruse\/G\u00fcnther Jakobs (1999)<\/strong><br \/>\nLesealter: 8-10 Jahre<\/p>\n<p><img loading=\"lazy\" class=\"alignleft size-full wp-image-775\" src=\"http:\/\/kinderbuch.blog\/wp-content\/uploads\/2018\/02\/Urmel-f\u00e4hrt-Ballon-1.jpg\" alt=\"\" width=\"97\" height=\"136\" \/><\/p>\n<p>&nbsp;<\/p>\n<p>&nbsp;<\/p>\n<p>&nbsp;<\/p>\n<p>&nbsp;<\/p>\n<p>&nbsp;<\/p>\n<p>&nbsp;<\/p>\n<p>\u00a91999, Thienemann Verlag, ISBN 978-3522173629<\/p>\n<p>www.thienemann-esslinger.de<\/p>\n<p>&nbsp;<\/p>\n<p>Die folgenden beiden B\u00fccher wurden von G\u00fcnther Jakobs illustriert. Bei &#8222;Urmel sucht den Schatz&#8220; handelt es sich um ein Bilderbuch f\u00fcr Kinder von 4 bis 6 Jahre.<\/p>\n<p><strong>\u201eUrmel saust durch die Zeit\u201c von Max Kruse\/G\u00fcnther Jakobs (2013)<\/strong><br \/>\nLesealter: 8-10 Jahre<br \/>\n<img loading=\"lazy\" class=\"alignleft size-medium wp-image-776\" src=\"http:\/\/kinderbuch.blog\/wp-content\/uploads\/2018\/02\/Urmel-saust-durch-die-Zeit-211x300.jpg\" alt=\"\" width=\"211\" height=\"300\" \/><\/p>\n<p>&nbsp;<\/p>\n<p>&nbsp;<\/p>\n<p>&nbsp;<\/p>\n<p>&nbsp;<\/p>\n<p>&nbsp;<\/p>\n<p>&nbsp;<\/p>\n<p>&nbsp;<\/p>\n<p>&nbsp;<\/p>\n<p>&nbsp;<\/p>\n<p>&nbsp;<\/p>\n<p>\u00a92013 ,Thienemann Verlag, ISBN 978-3522183536<br \/>\nwww.thienemann-esslinger.de<\/p>\n<p>&nbsp;<\/p>\n<p><strong>\u201eUrmel sucht den Schatz\u201c von Max Kruse\/G\u00fcnther Jakobs (2015)<\/strong><br \/>\nLesealter: 4-6 Jahre<br \/>\n<img loading=\"lazy\" class=\"alignleft size-medium wp-image-777\" src=\"http:\/\/kinderbuch.blog\/wp-content\/uploads\/2018\/02\/Urmel-sucht-den-schatz-300x300.jpg\" alt=\"\" width=\"300\" height=\"300\" \/><\/p>\n<p>&nbsp;<\/p>\n<p>&nbsp;<\/p>\n<p>&nbsp;<\/p>\n<p>&nbsp;<\/p>\n<p>&nbsp;<\/p>\n<p>&nbsp;<\/p>\n<p>&nbsp;<\/p>\n<p>&nbsp;<\/p>\n<p>&nbsp;<\/p>\n<p>\u00a92015, Thienemann Verlag, ISBN 978-3522437608<br \/>\nwww.thienemann-esslinger.de<\/p>\n<p>&nbsp;<\/p>\n<p>Weitere sch\u00f6ne Kinderb\u00fccher von Max Kruse sind:<\/p>\n<p>&nbsp;<\/p>\n<p><strong>\u201eDer L\u00f6we ist los\u201c von Max Kruse\/Horst Lemke (1960)<\/strong><br \/>\nLesealter: 8-10 Jahre<br \/>\n<img loading=\"lazy\" class=\"alignleft size-medium wp-image-778\" src=\"http:\/\/kinderbuch.blog\/wp-content\/uploads\/2018\/02\/Der-L\u00f6we-ist-los-215x300.jpg\" alt=\"\" width=\"215\" height=\"300\" \/><\/p>\n<p>&nbsp;<\/p>\n<p>&nbsp;<\/p>\n<p>&nbsp;<\/p>\n<p>&nbsp;<\/p>\n<p>&nbsp;<\/p>\n<p>&nbsp;<\/p>\n<p>&nbsp;<\/p>\n<p>&nbsp;<\/p>\n<p>&nbsp;<\/p>\n<p>&nbsp;<\/p>\n<p>\u00a92015, Thienemann Verlag, ISBN978-3522184014<br \/>\nwww.thienemann-esslinger.de<\/p>\n<p>Das Buch \u201eDer L\u00f6we ist los\u201c aus dem Jahr 1960 war das erste Kinderbuch Max Kruse\u2019s. Die L\u00f6we-Reihe war sehr erfolgreich und der dritte Teil wurde von der Augsburger Puppenkiste 1967 verfilmt.<\/p>\n<p><strong>\u201eKommt ein L\u00f6we geflogen\u201c von Max Kruse\/Horst Lemke (1966)<\/strong><br \/>\nLesealter: 8-10Jahre<br \/>\n<img loading=\"lazy\" class=\"alignleft size-medium wp-image-779\" src=\"http:\/\/kinderbuch.blog\/wp-content\/uploads\/2018\/02\/Kommt-ein-L\u00f6we-geflogen-203x300.jpg\" alt=\"\" width=\"203\" height=\"300\" \/><\/p>\n<p>&nbsp;<\/p>\n<p>&nbsp;<\/p>\n<p>&nbsp;<\/p>\n<p>&nbsp;<\/p>\n<p>&nbsp;<\/p>\n<p>&nbsp;<\/p>\n<p>&nbsp;<\/p>\n<p>&nbsp;<\/p>\n<p>&nbsp;<\/p>\n<p>&nbsp;<\/p>\n<p>\u00a91995, Thienemann Verlag, ISBN978-3522168847<br \/>\nwww.thienemann-esslinger.de<\/p>\n<p>&nbsp;<\/p>\n<p><strong>\u201eGut gebr\u00fcllt L\u00f6we\u201c von Max Kruse \/Horst Lemke (1967)<\/strong><br \/>\nLesealter:8-10 Jahre<br \/>\n<img loading=\"lazy\" class=\"alignleft size-medium wp-image-780\" src=\"http:\/\/kinderbuch.blog\/wp-content\/uploads\/2018\/02\/Gut-gebr\u00fcllt-L\u00f6we-215x300.jpg\" alt=\"\" width=\"215\" height=\"300\" \/><\/p>\n<p>&nbsp;<\/p>\n<p>&nbsp;<\/p>\n<p>&nbsp;<\/p>\n<p>&nbsp;<\/p>\n<p>&nbsp;<\/p>\n<p>&nbsp;<\/p>\n<p>&nbsp;<\/p>\n<p>&nbsp;<\/p>\n<p>&nbsp;<\/p>\n<p>&nbsp;<\/p>\n<p>\u00a91995, Thienemann Verlag, ISBN 978-3522169141<br \/>\nwww.thienemann-esslinger.de<\/p>\n<p>&nbsp;<\/p>\n<p><strong>\u201eL\u00f6we Gut &#8211; Alles Gut\u201c von Max Kruse\/Horst Lemke (1969)<\/strong><br \/>\nLesealter: 8-10 Jahre<br \/>\n<img loading=\"lazy\" class=\"alignleft size-medium wp-image-781\" src=\"http:\/\/kinderbuch.blog\/wp-content\/uploads\/2018\/02\/L\u00f6we-gut-Alles-gut-213x300.jpg\" alt=\"\" width=\"213\" height=\"300\" \/><\/p>\n<p>&nbsp;<\/p>\n<p>&nbsp;<\/p>\n<p>&nbsp;<\/p>\n<p>&nbsp;<\/p>\n<p>&nbsp;<\/p>\n<p>&nbsp;<\/p>\n<p>&nbsp;<\/p>\n<p>&nbsp;<\/p>\n<p>&nbsp;<\/p>\n<p>&nbsp;<\/p>\n<p>\u00a91995, Thienemann Verlag, ISBN978-3522169141<br \/>\nwww.thienemann-esslinger.de<\/p>\n<p>&nbsp;<\/p>\n<p><strong>\u201eDer dicke L\u00f6we kommt zuletzt\u201c von Max Kruse\/Horst Lemke (1970)<\/strong><br \/>\nLesealter: 8-10 Jahre<br \/>\n<img loading=\"lazy\" class=\"alignleft size-medium wp-image-782\" src=\"http:\/\/kinderbuch.blog\/wp-content\/uploads\/2018\/02\/Der-dicke-L\u00f6we-kommt-zuletzt-238x300.jpg\" alt=\"\" width=\"238\" height=\"300\" \/><\/p>\n<p>&nbsp;<\/p>\n<p>&nbsp;<\/p>\n<p>&nbsp;<\/p>\n<p>&nbsp;<\/p>\n<p>&nbsp;<\/p>\n<p>&nbsp;<\/p>\n<p>&nbsp;<\/p>\n<p>&nbsp;<\/p>\n<p>&nbsp;<\/p>\n<p>&nbsp;<\/p>\n<p>\u00a91996, Thienemann Verlag, ISBN9783522169462<br \/>\nwww.thienemann-esslinger.de<\/p>\n<p>&nbsp;<\/p>\n<p>&nbsp;<\/p>\n<p><strong>\u201eDon Blech und der goldene Junker\u201c von Max Kruse\/Horst Lemke (1971)<\/strong><br \/>\nLesealter: 8-10 Jahre<br \/>\n<img loading=\"lazy\" class=\"alignleft size-medium wp-image-783\" src=\"http:\/\/kinderbuch.blog\/wp-content\/uploads\/2018\/02\/Don-Blech-und-der-goldene-Junker-200x300.jpg\" alt=\"\" width=\"200\" height=\"300\" \/><\/p>\n<p>&nbsp;<\/p>\n<p>&nbsp;<\/p>\n<p>&nbsp;<\/p>\n<p>&nbsp;<\/p>\n<p>&nbsp;<\/p>\n<p>&nbsp;<\/p>\n<p>&nbsp;<\/p>\n<p>&nbsp;<\/p>\n<p>&nbsp;<\/p>\n<p>&nbsp;<\/p>\n<p>\u00a91971, Stuttgart, Hoch Verlag<\/p>\n<p>&nbsp;<\/p>\n<p>Die Reihe um Don Blech ist ein Ableger der L\u00f6we-B\u00fccher. Der erste Band \u201eDon Blech und der goldene Junker\u201c wurde ebenfalls 1973 von der Augsburger Puppenkiste verfilmt.<\/p>\n<p>&nbsp;<\/p>\n<p><strong>\u201eDon Blech und der glutrote Vogel\u201c von Max Kruse\/Horst Lemke (1972)<\/strong><br \/>\nLesealter: 8-10 Jahre<br \/>\n\u00a91976, Stuttgart, Hoch Verlag, ISBN 978-3777901503<br \/>\n<strong>\u201eDon Blech und der silberne Regen\u201c von Max Kruse\/Horst Lemke (1973)<\/strong><br \/>\nLesealter: 8-10 Jahre<br \/>\n<img loading=\"lazy\" class=\"alignleft size-medium wp-image-784\" src=\"http:\/\/kinderbuch.blog\/wp-content\/uploads\/2018\/02\/Don-Blech-und-der-silberne-Regen-197x300.jpg\" alt=\"\" width=\"197\" height=\"300\" \/><\/p>\n<p>&nbsp;<\/p>\n<p>&nbsp;<\/p>\n<p>&nbsp;<\/p>\n<p>&nbsp;<\/p>\n<p>&nbsp;<\/p>\n<p>&nbsp;<\/p>\n<p>&nbsp;<\/p>\n<p>&nbsp;<\/p>\n<p>&nbsp;<\/p>\n<p>&nbsp;<\/p>\n<p>\u00a91979, Stuttgart, Hoch Verlag, ISBN 978-3777901718<br \/>\n<strong>\u201eLord Schmetterhemd \u2013 Besuch aus dem Jenseits\u201c von Max Kruse (1974)<\/strong><\/p>\n<p>\u00a91984, Stuttgart, Hoch Verlag, ISBN978-3777901787<\/p>\n<p>Auch \u00fcber Lord Schmetterhemd gibt es ein vierteiliges Puppenspiel, der Augsburger Puppenkiste aus dem Jahr 1978.<\/p>\n<p><strong>&#8222;Lord Schmetterhemd \u2013 Der T\u00f6dliche Colt&#8220; von Max Kruse (1975)<\/strong><br \/>\n<img loading=\"lazy\" class=\"alignleft size-medium wp-image-786\" src=\"http:\/\/kinderbuch.blog\/wp-content\/uploads\/2018\/02\/Lord-Schmetterhemd-der-t\u00f6dliche-Colt-225x300.jpg\" alt=\"\" width=\"225\" height=\"300\" \/><\/p>\n<p>&nbsp;<\/p>\n<p>&nbsp;<\/p>\n<p>&nbsp;<\/p>\n<p>&nbsp;<\/p>\n<p>&nbsp;<\/p>\n<p>&nbsp;<\/p>\n<p>&nbsp;<\/p>\n<p>&nbsp;<\/p>\n<p>&nbsp;<\/p>\n<p>&nbsp;<\/p>\n<p>\u00a9Ravensburger Kinderbuchverlag, ISBN 978-3473395866<br \/>\nwww.ravensburger.de<\/p>\n<p>&nbsp;<\/p>\n<p><strong>&#8222;Lord Schmetterhemd \u2013 Der Geist des Gro\u00dfen B\u00fcffels&#8220; von Max Kruse (1976)<\/strong><br \/>\n<img loading=\"lazy\" class=\"alignleft size-medium wp-image-787\" src=\"http:\/\/kinderbuch.blog\/wp-content\/uploads\/2018\/02\/Lord-Schmetterhemd-Geist-des-gro\u00dfen-B\u00fcffels-208x300.jpg\" alt=\"\" width=\"208\" height=\"300\" \/><\/p>\n<p>&nbsp;<\/p>\n<p>&nbsp;<\/p>\n<p>&nbsp;<\/p>\n<p>&nbsp;<\/p>\n<p>&nbsp;<\/p>\n<p>&nbsp;<\/p>\n<p>&nbsp;<\/p>\n<p>&nbsp;<\/p>\n<p>&nbsp;<\/p>\n<p>&nbsp;<\/p>\n<p>\u00a91976, Stuttgart, Hoch Verlag, 978-3777902104<\/p>\n<p>&nbsp;<\/p>\n<p><strong>\u201eKasper Laris neue Kleider\u201c\u00a0 von Max Kruse (1976)<\/strong><br \/>\n<img loading=\"lazy\" class=\"alignleft size-medium wp-image-788\" src=\"http:\/\/kinderbuch.blog\/wp-content\/uploads\/2018\/02\/Kaspar-Laris-neue-Kleider-225x300.jpg\" alt=\"\" width=\"225\" height=\"300\" \/><\/p>\n<p>&nbsp;<\/p>\n<p>&nbsp;<\/p>\n<p>&nbsp;<\/p>\n<p>&nbsp;<\/p>\n<p>&nbsp;<\/p>\n<p>&nbsp;<\/p>\n<p>&nbsp;<\/p>\n<p>&nbsp;<\/p>\n<p>&nbsp;<\/p>\n<p>&nbsp;<\/p>\n<p>\u00a91976, Egmont Franz Schneider Verlag, ISBN978-3785517208<\/p>\n<p>&nbsp;<\/p>\n<p><strong>\u201eKasper Lari in der Klemme\u201c von Max Kruse (1976)<\/strong><br \/>\n<img loading=\"lazy\" class=\"alignleft size-medium wp-image-789\" src=\"http:\/\/kinderbuch.blog\/wp-content\/uploads\/2018\/02\/Kaspar-Lari-in-der-Klemme-225x300.jpg\" alt=\"\" width=\"225\" height=\"300\" \/><\/p>\n<p>&nbsp;<\/p>\n<p>&nbsp;<\/p>\n<p>&nbsp;<\/p>\n<p>&nbsp;<\/p>\n<p>&nbsp;<\/p>\n<p>&nbsp;<\/p>\n<p>&nbsp;<\/p>\n<p>&nbsp;<\/p>\n<p>&nbsp;<\/p>\n<p>&nbsp;<\/p>\n<p>\u00a91976, Loewe Verlag<\/p>\n<p>&nbsp;<\/p>\n<p><strong>\u201eKasper Laris Abenteuer \u2013 Die Zaubertaube\u201c von Max Kruse (1975)<\/strong><br \/>\n<img loading=\"lazy\" class=\"alignleft size-medium wp-image-790\" src=\"http:\/\/kinderbuch.blog\/wp-content\/uploads\/2018\/02\/Kaspar-Laris-Abenteuer-die-Zaubertaube-226x300.jpg\" alt=\"\" width=\"226\" height=\"300\" \/><\/p>\n<p>&nbsp;<\/p>\n<p>&nbsp;<\/p>\n<p>&nbsp;<\/p>\n<p>&nbsp;<\/p>\n<p>&nbsp;<\/p>\n<p>&nbsp;<\/p>\n<p>&nbsp;<\/p>\n<p>&nbsp;<\/p>\n<p>&nbsp;<\/p>\n<p>&nbsp;<\/p>\n<p>\u00a91983,Egmont Franz Schneider Verlag, ISBN 978-3505079658<\/p>\n<p>&nbsp;<\/p>\n<p><strong>\u201eKasper Laris Abenteuer \u2013 Die R\u00e4uberbande\u201c von Max Kruse (1980)<\/strong><br \/>\n<img loading=\"lazy\" class=\"alignleft size-medium wp-image-791\" src=\"http:\/\/kinderbuch.blog\/wp-content\/uploads\/2018\/02\/Kaspar-Laris-Abenteuer-die-R\u00e4uberbande-225x300.jpg\" alt=\"\" width=\"225\" height=\"300\" \/><\/p>\n<p>&nbsp;<\/p>\n<p>&nbsp;<\/p>\n<p>&nbsp;<\/p>\n<p>&nbsp;<\/p>\n<p>&nbsp;<\/p>\n<p>&nbsp;<\/p>\n<p>&nbsp;<\/p>\n<p>&nbsp;<\/p>\n<p>&nbsp;<\/p>\n<p>&nbsp;<\/p>\n<p>\u00a91980, Franz Schneider Verlag<\/p>\n<p>&nbsp;<\/p>\n<p><strong>\u201eKasper Laris Abenteuer \u2013 im Spukschloss\u201c von Max Kruse (1981)<\/strong><\/p>\n<p><img loading=\"lazy\" class=\"alignleft size-full wp-image-793\" src=\"http:\/\/kinderbuch.blog\/wp-content\/uploads\/2018\/02\/Kaspar-Laris-Abenteuer-das-Spukschloss-1.jpg\" alt=\"\" width=\"261\" height=\"276\" \/><\/p>\n<p>&nbsp;<\/p>\n<p>&nbsp;<\/p>\n<p>&nbsp;<\/p>\n<p>&nbsp;<\/p>\n<p>&nbsp;<\/p>\n<p>&nbsp;<\/p>\n<p>&nbsp;<\/p>\n<p>&nbsp;<\/p>\n<p>&nbsp;<\/p>\n<p>&nbsp;<\/p>\n<p>\u00a91981, Franz Schneider Verlag<\/p>\n","protected":false},"excerpt":{"rendered":"<p>Max Kruse , ein Sohn der Puppenmacherin K\u00e4the Kruse, baute die Firma seiner Mutter nach dem Zweiten Weltkrieg in Westdeutschland zun\u00e4chst wieder mit auf und \u00fcbergab die Leitung dann an seine j\u00fcngere Schwester. Ab seinem 30. Lebensjahr widmete er sich nur noch dem Schreiben und verfasste viele Kinderbuchreihen, die bis heute beliebt sind und teilweise von der Augsburger Puppenkiste verfilmt [&#8230;]<\/p>\n","protected":false},"author":1,"featured_media":1775,"comment_status":"open","ping_status":"open","sticky":false,"template":"","format":"standard","meta":[],"categories":[6,48],"tags":[],"_links":{"self":[{"href":"https:\/\/kinderbuch.blog\/index.php?rest_route=\/wp\/v2\/posts\/763"}],"collection":[{"href":"https:\/\/kinderbuch.blog\/index.php?rest_route=\/wp\/v2\/posts"}],"about":[{"href":"https:\/\/kinderbuch.blog\/index.php?rest_route=\/wp\/v2\/types\/post"}],"author":[{"embeddable":true,"href":"https:\/\/kinderbuch.blog\/index.php?rest_route=\/wp\/v2\/users\/1"}],"replies":[{"embeddable":true,"href":"https:\/\/kinderbuch.blog\/index.php?rest_route=%2Fwp%2Fv2%2Fcomments&post=763"}],"version-history":[{"count":6,"href":"https:\/\/kinderbuch.blog\/index.php?rest_route=\/wp\/v2\/posts\/763\/revisions"}],"predecessor-version":[{"id":799,"href":"https:\/\/kinderbuch.blog\/index.php?rest_route=\/wp\/v2\/posts\/763\/revisions\/799"}],"wp:featuredmedia":[{"embeddable":true,"href":"https:\/\/kinderbuch.blog\/index.php?rest_route=\/wp\/v2\/media\/1775"}],"wp:attachment":[{"href":"https:\/\/kinderbuch.blog\/index.php?rest_route=%2Fwp%2Fv2%2Fmedia&parent=763"}],"wp:term":[{"taxonomy":"category","embeddable":true,"href":"https:\/\/kinderbuch.blog\/index.php?rest_route=%2Fwp%2Fv2%2Fcategories&post=763"},{"taxonomy":"post_tag","embeddable":true,"href":"https:\/\/kinderbuch.blog\/index.php?rest_route=%2Fwp%2Fv2%2Ftags&post=763"}],"curies":[{"name":"wp","href":"https:\/\/api.w.org\/{rel}","templated":true}]}}