{"id":390,"date":"2017-09-06T20:35:37","date_gmt":"2017-09-06T20:35:37","guid":{"rendered":"http:\/\/kinderbuch.blog\/?p=390"},"modified":"2020-06-19T07:40:39","modified_gmt":"2020-06-19T07:40:39","slug":"erich-kaestner-kindheitsgeschichten-mit-allen-facetten","status":"publish","type":"post","link":"https:\/\/kinderbuch.blog\/?p=390","title":{"rendered":"Erich K\u00e4stner &#8211; Von Kindern wie sie einem t\u00e4glich an der Nase vorbeilaufen"},"content":{"rendered":"<p>Wie gut, dass Erich K\u00e4stner auf den Rat des Oberkellners Nietenf\u00fchr geh\u00f6rt hat, der im Vorwort zu Emil und die Detektive sagt: \u201eDas Beste wird sein, Sie schreiben \u00fcber Sachen, die Sie kennen. Also von der Untergrundbahn und Hotels und solchem Zeug. Und von Kindern, wie sie ihnen t\u00e4glich an der Nase vorbeilaufen und wie wir fr\u00fcher einmal selber welche waren.\u201c (aus: K\u00e4stner f\u00fcr Kinder, Atrium Verlag, Z\u00fcrich,2014, S.12) \u00a0Und dies scheint K\u00e4stner tats\u00e4chlich gelungen, denn anders ist es nicht zu erkl\u00e4ren, dass er mit seinen B\u00fcchern heute noch den Geschmack von Kindern trifft, indem er direkt ihren Gerechtigkeits- und Familiensinn anspricht. Und dies in einer bildhaften Sprache, die im Innersten anr\u00fchrt.<\/p>\n<p>Zu meinem 10. Geburtstag bekam ich f\u00fcnf B\u00fccher K\u00e4stners geschenkt und habe sie auch alle nach und nach gelesen. Noch heute sehen die Buchausgaben aus dem Dressler Verlag aus wie in meiner Kindheit. Dies liegt auch an den zeitlosen Zeichnungen des Illustrators Walter Trier, die immer noch auf den Covern zu finden sind.<\/p>\n<p>&nbsp;<\/p>\n<p><img loading=\"lazy\" class=\"size-medium wp-image-391 aligncenter\" src=\"http:\/\/kinderbuch.blog\/wp-content\/uploads\/2017\/09\/Das-doppelte-Lottchen-237x300.jpg\" alt=\"\" width=\"237\" height=\"300\" \/><\/p>\n<p>\u00a92017, Dressler Verlag, ISBN 978-3791530116<\/p>\n<p>www.oetinger.de<\/p>\n<p>Lesealter: 10-12 Jahre<\/p>\n<p>Beim doppelten Lottchen sah ich zuerst die Verfilmung aus dem Jahr 1950 im Sommerferienprogramm. Hier \u00fcbernimmt Erich K\u00e4stner pers\u00f6nlich die Rolle des Erz\u00e4hlers und ist zu Beginn des Films in einer Einblendung zu sehen. Wenig sp\u00e4ter las ich dann das Buch und fand es dramaturgisch sogar noch spannender als den Film, der mir als Kind sehr lang vorkam (, was er mit 1 Stunde und 45 Minuten auch ist). In angenehmer Weise h\u00f6rte ich beim Lesen die Ansagen und Unterbrechungen des Erz\u00e4hlers in K\u00e4stners sonorer Stimmfarbe, was das Ganze wirklich unterhaltsam machte. \u00a0Im Buch identifizierte ich mich wie im Film sofort mit der braven Lotte und konnte die N\u00f6te eines Scheidungskindes gut nachvollziehen.<\/p>\n<p>Eine kurzer inhaltlicher \u00dcberblick:<\/p>\n<p>Im M\u00e4dchenferienlager in Seeb\u00fchl am B\u00fchlsee wundert man sich: zwei der jungen Urlauberinnen sehen sich zum Verwechseln \u00e4hnlich. Die eine hei\u00dft Lotte, die andere Luise. Nach einiger Zeit stellen die beiden M\u00e4dchen fest, dass sie sogar am selben Tag Geburtstag haben. Nun ist klar, dass sie Zwillingsschwestern sind und nach der Trennung der Eltern jeweils bei Vater und Mutter aufgewachsen sind. Im Geheimen hecken beide einen Plan aus und steuern bei der Abreise den jeweils anderen Elternteil an. Dies bringt das Leben aller Beteiligter geh\u00f6rig durcheinander und weckt die Sehnsucht nach Familie.<\/p>\n<p>&nbsp;<\/p>\n<p>&nbsp;<\/p>\n<p>&nbsp;<\/p>\n<p><img loading=\"lazy\" class=\"size-medium wp-image-392 aligncenter\" src=\"http:\/\/kinderbuch.blog\/wp-content\/uploads\/2017\/09\/Emil-und-die-Detektive-238x300.jpg\" alt=\"\" width=\"238\" height=\"300\" \/><\/p>\n<p>\u00a92010, Cecilie Dressler Verlag, ISBN 978-3791530123<\/p>\n<p>www.oetinger.de<\/p>\n<p>Lesealter: 10-12 Jahre<\/p>\n<p>Bei der Lekt\u00fcre von Emil und die Detektive wurde mir das erste Mal bewusst, dass es auch allein erziehende M\u00fctter gibt. Und dass diese arbeiten m\u00fcssen, war f\u00fcr mich eine neue, aber auch logische Folgerung. Der Kinderkrimi in der Gro\u00dfstadt zog \u00a0mich von der ersten bis zur letzten Seite in seinen Bann.<\/p>\n<p>Eine kurze Inhaltsangabe:<\/p>\n<p>Emil ist ein sympathischer Schuljunge, ein richtiger Musterknabe, der seiner allein erziehenden Mutter eine gro\u00dfe St\u00fctze ist. Zu Beginn der Geschichte schickt ihn seine Mutter mit einem Umschlag mit 140 Mark zur Gro\u00dfmutter nach Berlin. Emil muss alleine fahren, weil seine Mutter als Friseurin arbeitet. Er steigt also ins Zugabteil und gibt gut Acht, dass das Geld in seiner Brusttasche nicht abhanden kommt. Allerdings wird Emil mulmig zumute als ein Mann mit einem steifen Hut zusteigt, der verr\u00fcckte Geschichten erz\u00e4hlt und ihm Schokolade anbietet. Emils Misstrauen stellt sich als vollkommen gerechtfertigt heraus. Als er kurz einnickt und wieder aufwacht, werden seine schlimmsten Bef\u00fcrchtungen wahr: Das Kuvert ist verschwunden. Sofort nimmt Emil die Verfolgung des fremden Mannes in der gro\u00dfen Stadt Berlin auf. Aber was kann ein einzelner Junge gegen so einen abgebr\u00fchten Ganoven ausrichten? Tats\u00e4chlich gelingt dies Emil nur mit unerwarteter Unterst\u00fctzung.<\/p>\n<p>&nbsp;<\/p>\n<p>&nbsp;<\/p>\n<p><img loading=\"lazy\" class=\"size-medium wp-image-397 aligncenter\" src=\"http:\/\/kinderbuch.blog\/wp-content\/uploads\/2017\/09\/P\u00fcnktchen-und-Anton-225x300.jpg\" alt=\"\" width=\"225\" height=\"300\" \/>\u00a91976, Cecilie Dressler Verlag, ISBN 978-3791530147<\/p>\n<p>www.oetinger.de<\/p>\n<p>Lesealter: 10-12 Jahre<\/p>\n<p>Unter dem Titel stellte ich mir als Kind irgendeine mathematische Geschichte vor, daher war ich sehr \u00fcberrascht, dass es sich um zwei Kinder handelt, die ein Ganovenpaar dingfest machen. Das Buch wurde von einer Mitsch\u00fclerin im Deutschunterricht vorgestellt und ich konnte es mir kurze Zeit sp\u00e4ter bei ihr ausleihen. Die Geschichte von P\u00fcnktchen und Anton entwickelte sich dramaturgisch so spannend, dass ich das Buch gar nicht weglegen konnte und bis in die Nacht las.<\/p>\n<p>Ein kurzer inhaltlicher \u00dcberblick:<\/p>\n<p>P\u00fcnktchen Pogge, Direktorstochter, benimmt sich merkw\u00fcrdig und total \u00fcberm\u00fcdet ist das Kind auch. Aber nicht die Eltern l\u00fcften ihr Geheimnis , sondern P\u00fcnktchens neuer Freund Anton. Auf jeden Fall steckt da Fr\u00e4ulein Andacht, P\u00fcnktchens Kinderfr\u00e4ulein, hinter und ihr unsympathischer Br\u00e4utigam auch. Nun wird P\u00fcnktchens Vater, der Direktor Pogge, auch misstrauisch, Anton verst\u00e4ndigt die Polizei und das Dienstm\u00e4dchen Berta ist zum Gl\u00fcck zur richtigen Zeit am richtigen Ort.<\/p>\n<p>&nbsp;<\/p>\n<p><strong>Weitere B\u00fccher Erich K\u00e4stners sind unter anderen:<\/strong><\/p>\n<p><strong><img loading=\"lazy\" class=\"size-medium wp-image-393 aligncenter\" src=\"http:\/\/kinderbuch.blog\/wp-content\/uploads\/2017\/09\/Das-fliegende-Klassenzimmer-240x300.jpg\" alt=\"\" width=\"240\" height=\"300\" \/><\/strong><\/p>\n<p>Lesealter:10-12 Jahre<\/p>\n<p>\u00a92010, Dressler Verlag, ISBN 978-3791530154<\/p>\n<p>www.oetinger.de<\/p>\n<p>&nbsp;<\/p>\n<p><strong><img loading=\"lazy\" class=\"size-medium wp-image-395 aligncenter\" src=\"http:\/\/kinderbuch.blog\/wp-content\/uploads\/2017\/09\/Erich-K\u00e4stner-erz\u00e4hlt-254x300.jpg\" alt=\"\" width=\"254\" height=\"300\" \/><\/strong><\/p>\n<p>Lesealter: 8-10 Jahre<\/p>\n<p>\u00a92010, Dressler Verlag, ISBN 978-3791530499<\/p>\n<p><a href=\"http:\/\/www.oetinger.de\">www.oetinger.de<\/a><\/p>\n<p>&nbsp;<\/p>\n<p><strong><img loading=\"lazy\" class=\"size-medium wp-image-394 aligncenter\" src=\"http:\/\/kinderbuch.blog\/wp-content\/uploads\/2017\/09\/K\u00e4stner-f\u00fcr-Kinder-284x300.jpg\" alt=\"\" width=\"284\" height=\"300\" \/><\/strong><\/p>\n<p>Lesealter:10-12 Jahre<\/p>\n<p>\u00a92014, Atrium Z\u00fcrich, ISBN 978-3791530154<\/p>\n<p>www.atrium-verlag.com<\/p>\n","protected":false},"excerpt":{"rendered":"<p>Wie gut, dass Erich K\u00e4stner auf den Rat des Oberkellners Nietenf\u00fchr geh\u00f6rt hat, der im Vorwort zu Emil und die Detektive sagt: \u201eDas Beste wird sein, Sie schreiben \u00fcber Sachen, die Sie kennen. Also von der Untergrundbahn und Hotels und solchem Zeug. Und von Kindern, wie sie ihnen t\u00e4glich an der Nase vorbeilaufen und wie wir fr\u00fcher einmal selber welche [&#8230;]<\/p>\n","protected":false},"author":1,"featured_media":1777,"comment_status":"open","ping_status":"open","sticky":false,"template":"","format":"standard","meta":[],"categories":[6,48],"tags":[],"_links":{"self":[{"href":"https:\/\/kinderbuch.blog\/index.php?rest_route=\/wp\/v2\/posts\/390"}],"collection":[{"href":"https:\/\/kinderbuch.blog\/index.php?rest_route=\/wp\/v2\/posts"}],"about":[{"href":"https:\/\/kinderbuch.blog\/index.php?rest_route=\/wp\/v2\/types\/post"}],"author":[{"embeddable":true,"href":"https:\/\/kinderbuch.blog\/index.php?rest_route=\/wp\/v2\/users\/1"}],"replies":[{"embeddable":true,"href":"https:\/\/kinderbuch.blog\/index.php?rest_route=%2Fwp%2Fv2%2Fcomments&post=390"}],"version-history":[{"count":5,"href":"https:\/\/kinderbuch.blog\/index.php?rest_route=\/wp\/v2\/posts\/390\/revisions"}],"predecessor-version":[{"id":427,"href":"https:\/\/kinderbuch.blog\/index.php?rest_route=\/wp\/v2\/posts\/390\/revisions\/427"}],"wp:featuredmedia":[{"embeddable":true,"href":"https:\/\/kinderbuch.blog\/index.php?rest_route=\/wp\/v2\/media\/1777"}],"wp:attachment":[{"href":"https:\/\/kinderbuch.blog\/index.php?rest_route=%2Fwp%2Fv2%2Fmedia&parent=390"}],"wp:term":[{"taxonomy":"category","embeddable":true,"href":"https:\/\/kinderbuch.blog\/index.php?rest_route=%2Fwp%2Fv2%2Fcategories&post=390"},{"taxonomy":"post_tag","embeddable":true,"href":"https:\/\/kinderbuch.blog\/index.php?rest_route=%2Fwp%2Fv2%2Ftags&post=390"}],"curies":[{"name":"wp","href":"https:\/\/api.w.org\/{rel}","templated":true}]}}