{"id":367,"date":"2017-09-04T20:06:12","date_gmt":"2017-09-04T20:06:12","guid":{"rendered":"http:\/\/kinderbuch.blog\/?p=367"},"modified":"2020-06-19T07:41:57","modified_gmt":"2020-06-19T07:41:57","slug":"wilhelm-hauff-schaurige-geschichten-und-sagen","status":"publish","type":"post","link":"https:\/\/kinderbuch.blog\/?p=367","title":{"rendered":"Wilhelm Hauff &#8211; schaurige M\u00e4rchen und Sagen"},"content":{"rendered":"<p>Mit nur 23 Jahren ver\u00f6ffentlichte Wilhelm Hauff im Jahr 1825 einen M\u00e4rchenalmanach. Dieser beinhaltete zwei M\u00e4rchen- und Sagenb\u00e4nde. In meiner Jugend stie\u00df ich auf diese im B\u00fccherregal meines Vaters und las sie \u00fcber ein Wochenende durch.<\/p>\n<p><img loading=\"lazy\" class=\"size-medium wp-image-371 aligncenter\" src=\"http:\/\/kinderbuch.blog\/wp-content\/uploads\/2017\/09\/Wilhelm-Hauff-M\u00e4rchen-300x217.png\" alt=\"\" width=\"300\" height=\"217\" \/><\/p>\n<p>\u00a91989, Rastatt, Verlagsunion Erich Pabel- Arthur Moewig KG, ISBN3-8118-1087-1<\/p>\n<p>&nbsp;<\/p>\n<p>Die spannenden Rahmenhandlungen, in die die M\u00e4rchen eingebettet sind, waren ein Stilmittel, das ich so noch nicht kannte und das mich begeistert hat. Im ersten Band, der im orientalischen Raum spielt, gefiel mir besonders &#8222;Die Geschichte vom Kalif Storch\u201c und das M\u00e4rchen \u201eZwerg Nase\u201c, das wir auch auf Schallplatte hatten.<\/p>\n<p>&#8222;Zwerg Nase&#8220;<\/p>\n<p><img loading=\"lazy\" class=\"size-medium wp-image-370 alignleft\" src=\"http:\/\/kinderbuch.blog\/wp-content\/uploads\/2017\/09\/Der-Zwerg-Nase-220x300.png\" alt=\"\" width=\"220\" height=\"300\" \/><\/p>\n<p>&nbsp;<\/p>\n<p>&nbsp;<\/p>\n<p>&nbsp;<\/p>\n<p>&nbsp;<\/p>\n<p>&nbsp;<\/p>\n<p>&nbsp;<\/p>\n<p>&nbsp;<\/p>\n<p>&nbsp;<\/p>\n<p>&nbsp;<\/p>\n<p>&nbsp;<\/p>\n<p>Wirklich spannend entwickelt sich die Geschichte vom &#8222;Wirtshaus im Spessart&#8220; im zweiten Band. Hier geraten ein 18j\u00e4hriger Zirkelschmied und ein 16j\u00e4hriger Goldarbeiter \u00fcber Nacht in ein zwielichtiges Wirtshaus mitten im tiefsten Wald.<\/p>\n<p><img loading=\"lazy\" class=\"alignleft size-medium wp-image-368\" src=\"http:\/\/kinderbuch.blog\/wp-content\/uploads\/2017\/09\/Das-Wirtshaus-im-Spessart-197x300.png\" alt=\"\" width=\"197\" height=\"300\" \/><\/p>\n<p>&nbsp;<\/p>\n<p>&nbsp;<\/p>\n<p>&nbsp;<\/p>\n<p>&nbsp;<\/p>\n<p>&nbsp;<\/p>\n<p>&nbsp;<\/p>\n<p>&nbsp;<\/p>\n<p>&nbsp;<\/p>\n<p>&nbsp;<\/p>\n<p>&nbsp;<\/p>\n<p>Sie verbarrikadieren sich mit weiteren Mitreisenden in einem der Nachtzimmer und vertreiben sich mit M\u00e4rchenerz\u00e4hlen die Zeit bis zum Morgengrauen. Es geht n\u00e4mlich das Ger\u00fccht um, dass die Wirtsleute mit R\u00e4ubern gemeinsame Sache machen und Reisende um Gut und Leben bringen. Meine Lieblingsm\u00e4rchen im zweiten Band waren:<\/p>\n<p>\u201eDas kalte Herz\u201c<\/p>\n<p><img loading=\"lazy\" class=\"alignleft size-medium wp-image-369\" src=\"http:\/\/kinderbuch.blog\/wp-content\/uploads\/2017\/09\/Das-kalte-Herz-201x300.png\" alt=\"\" width=\"201\" height=\"300\" srcset=\"https:\/\/kinderbuch.blog\/wp-content\/uploads\/2017\/09\/Das-kalte-Herz-201x300.png 201w, https:\/\/kinderbuch.blog\/wp-content\/uploads\/2017\/09\/Das-kalte-Herz-768x1145.png 768w, https:\/\/kinderbuch.blog\/wp-content\/uploads\/2017\/09\/Das-kalte-Herz-687x1024.png 687w, https:\/\/kinderbuch.blog\/wp-content\/uploads\/2017\/09\/Das-kalte-Herz.png 1808w\" sizes=\"(max-width: 201px) 100vw, 201px\" \/><\/p>\n<p>&nbsp;<\/p>\n<p>&nbsp;<\/p>\n<p>&nbsp;<\/p>\n<p>&nbsp;<\/p>\n<p>&nbsp;<\/p>\n<p>&nbsp;<\/p>\n<p>&nbsp;<\/p>\n<p>&nbsp;<\/p>\n<p>&nbsp;<\/p>\n<p>&nbsp;<\/p>\n<p>\u201eDie Sage vom Hirschgulden\u201c<\/p>\n<p><img loading=\"lazy\" class=\"alignleft size-medium wp-image-373\" src=\"http:\/\/kinderbuch.blog\/wp-content\/uploads\/2017\/09\/Die-Sage-vom-Hirschgulden-223x300.png\" alt=\"\" width=\"223\" height=\"300\" \/><\/p>\n<p>&nbsp;<\/p>\n<p>&nbsp;<\/p>\n<p>&nbsp;<\/p>\n<p>&nbsp;<\/p>\n<p>&nbsp;<\/p>\n<p>&nbsp;<\/p>\n<p>&nbsp;<\/p>\n<p>&nbsp;<\/p>\n<p>&nbsp;<\/p>\n<p>&nbsp;<\/p>\n<p>Die vereinzelten zeitgen\u00f6ssischen Skizzen des 19. Jahrhunderts der Moewig Ausgabe haben die d\u00fcstere Wirkung der M\u00e4rchen unterst\u00fctzt. Insgesamt sind die Hauffschen M\u00e4rchen fr\u00fchestens ab einem Alter von 12 Jahren zu empfehlen.<\/p>\n<p>Hier eine aktuelle Ausgabe der Hauffschen M\u00e4rchen:<\/p>\n<p><img loading=\"lazy\" class=\"alignleft size-medium wp-image-372\" src=\"http:\/\/kinderbuch.blog\/wp-content\/uploads\/2017\/09\/S\u00e4mtliche-Hauffs-M\u00e4rchen-212x300.jpg\" alt=\"\" width=\"212\" height=\"300\" \/><\/p>\n<p>&nbsp;<\/p>\n<p>&nbsp;<\/p>\n<p>&nbsp;<\/p>\n<p>&nbsp;<\/p>\n<p>&nbsp;<\/p>\n<p>&nbsp;<\/p>\n<p>&nbsp;<\/p>\n<p>&nbsp;<\/p>\n<p>&nbsp;<\/p>\n<p>&nbsp;<\/p>\n<p>\u00a92003, D\u00f6rfler Verlag GmbH, ISBN 978-3895551468<\/p>\n<p>www.doerfler-verlag.de<\/p>\n<p>&nbsp;<\/p>\n<p>Ein Bilderbuch zum M\u00e4rchen &#8222;Zwerg Nase&#8220; hat die K\u00fcnstlerin Lisbeth Zwerger gestaltet:<\/p>\n<p><strong>&#8222;Der Zwerg Nase&#8220; von Wilhelm Hauff\/ Lisbeth Zwerger<\/strong><\/p>\n<p>Lesealter: 3-6 Jahre<\/p>\n<p><img loading=\"lazy\" class=\"alignleft size-medium wp-image-700\" src=\"http:\/\/kinderbuch.blog\/wp-content\/uploads\/2017\/09\/Der-Zwerg-Nase-245x300.jpg\" alt=\"\" width=\"245\" height=\"300\" \/><\/p>\n<p>&nbsp;<\/p>\n<p>&nbsp;<\/p>\n<p>&nbsp;<\/p>\n<p>&nbsp;<\/p>\n<p>&nbsp;<\/p>\n<p>&nbsp;<\/p>\n<p>&nbsp;<\/p>\n<p>&nbsp;<\/p>\n<p>&nbsp;<\/p>\n<p>\u00a92014, Michael Neugebauer Edition, ISBN978-3865661845<\/p>\n<p>www.minedition.com<\/p>\n","protected":false},"excerpt":{"rendered":"<p>Mit nur 23 Jahren ver\u00f6ffentlichte Wilhelm Hauff im Jahr 1825 einen M\u00e4rchenalmanach. Dieser beinhaltete zwei M\u00e4rchen- und Sagenb\u00e4nde. In meiner Jugend stie\u00df ich auf diese im B\u00fccherregal meines Vaters und las sie \u00fcber ein Wochenende durch. \u00a91989, Rastatt, Verlagsunion Erich Pabel- Arthur Moewig KG, ISBN3-8118-1087-1 &nbsp; Die spannenden Rahmenhandlungen, in die die M\u00e4rchen eingebettet sind, waren ein Stilmittel, das ich [&#8230;]<\/p>\n","protected":false},"author":1,"featured_media":1778,"comment_status":"open","ping_status":"open","sticky":false,"template":"","format":"standard","meta":[],"categories":[6,48],"tags":[],"_links":{"self":[{"href":"https:\/\/kinderbuch.blog\/index.php?rest_route=\/wp\/v2\/posts\/367"}],"collection":[{"href":"https:\/\/kinderbuch.blog\/index.php?rest_route=\/wp\/v2\/posts"}],"about":[{"href":"https:\/\/kinderbuch.blog\/index.php?rest_route=\/wp\/v2\/types\/post"}],"author":[{"embeddable":true,"href":"https:\/\/kinderbuch.blog\/index.php?rest_route=\/wp\/v2\/users\/1"}],"replies":[{"embeddable":true,"href":"https:\/\/kinderbuch.blog\/index.php?rest_route=%2Fwp%2Fv2%2Fcomments&post=367"}],"version-history":[{"count":9,"href":"https:\/\/kinderbuch.blog\/index.php?rest_route=\/wp\/v2\/posts\/367\/revisions"}],"predecessor-version":[{"id":701,"href":"https:\/\/kinderbuch.blog\/index.php?rest_route=\/wp\/v2\/posts\/367\/revisions\/701"}],"wp:featuredmedia":[{"embeddable":true,"href":"https:\/\/kinderbuch.blog\/index.php?rest_route=\/wp\/v2\/media\/1778"}],"wp:attachment":[{"href":"https:\/\/kinderbuch.blog\/index.php?rest_route=%2Fwp%2Fv2%2Fmedia&parent=367"}],"wp:term":[{"taxonomy":"category","embeddable":true,"href":"https:\/\/kinderbuch.blog\/index.php?rest_route=%2Fwp%2Fv2%2Fcategories&post=367"},{"taxonomy":"post_tag","embeddable":true,"href":"https:\/\/kinderbuch.blog\/index.php?rest_route=%2Fwp%2Fv2%2Ftags&post=367"}],"curies":[{"name":"wp","href":"https:\/\/api.w.org\/{rel}","templated":true}]}}