{"id":2017,"date":"2022-10-06T12:56:32","date_gmt":"2022-10-06T12:56:32","guid":{"rendered":"https:\/\/kinderbuch.blog\/?p=2017"},"modified":"2022-10-06T12:56:34","modified_gmt":"2022-10-06T12:56:34","slug":"rezensionsexemplar-birkenallee-die-wilde-19","status":"publish","type":"post","link":"https:\/\/kinderbuch.blog\/?p=2017","title":{"rendered":"Rezensionsexemplar \u201eBirkenallee- Die Wilde 19\u201c"},"content":{"rendered":"\n<p><\/p>\n\n\n\n<p>Vorletzte Woche kam dieses gro\u00dfformatige Geschichtenbuch ins Haus geflattert, das mich beim Studieren der Kurzvorstellung neugierig gemacht hatte. Auch das Interesse meiner Kinder war angesichts des Formats gleich geweckt und neugierig wurde ich umlagert. Als ich den Buchdeckel dann aufklappte und die sieben kleinen Geschichtenb\u00fcchlein im l\u00e4nglichen Pixi-Format zum Vorschein kamen, war meine siebenj\u00e4hrige Tochter voll auf begeistert. Aber die erste Lekt\u00fcre blieb nun mal mir \u00fcberlassen \ud83d\ude09<\/p>\n\n\n\n<p>\u201eBirkenallee- Die Wilde 19\u201c von Jasmin Schaudinn\/ Katharina &#8222;Vectoria&#8220; Bocklage (2022)<\/p>\n\n\n\n<p><\/p>\n\n\n\n<p>Lesealter: ab 4 Jahren<\/p>\n\n\n\n<figure class=\"wp-block-image size-large\"><img loading=\"lazy\" width=\"1024\" height=\"1024\" src=\"https:\/\/kinderbuch.blog\/wp-content\/uploads\/2022\/10\/Birkenallee-1-1024x1024.jpg\" alt=\"\" class=\"wp-image-2018\" srcset=\"https:\/\/kinderbuch.blog\/wp-content\/uploads\/2022\/10\/Birkenallee-1-1024x1024.jpg 1024w, https:\/\/kinderbuch.blog\/wp-content\/uploads\/2022\/10\/Birkenallee-1-300x300.jpg 300w, https:\/\/kinderbuch.blog\/wp-content\/uploads\/2022\/10\/Birkenallee-1-150x150.jpg 150w, https:\/\/kinderbuch.blog\/wp-content\/uploads\/2022\/10\/Birkenallee-1-768x768.jpg 768w, https:\/\/kinderbuch.blog\/wp-content\/uploads\/2022\/10\/Birkenallee-1-90x90.jpg 90w, https:\/\/kinderbuch.blog\/wp-content\/uploads\/2022\/10\/Birkenallee-1-75x75.jpg 75w, https:\/\/kinderbuch.blog\/wp-content\/uploads\/2022\/10\/Birkenallee-1.jpg 1080w\" sizes=\"(max-width: 1024px) 100vw, 1024px\" \/><\/figure>\n\n\n\n<p><\/p>\n\n\n\n<figure class=\"wp-block-image size-large\"><img loading=\"lazy\" width=\"1024\" height=\"1024\" src=\"https:\/\/kinderbuch.blog\/wp-content\/uploads\/2022\/10\/Birkenallee-2-1024x1024.jpg\" alt=\"\" class=\"wp-image-2019\" srcset=\"https:\/\/kinderbuch.blog\/wp-content\/uploads\/2022\/10\/Birkenallee-2-1024x1024.jpg 1024w, https:\/\/kinderbuch.blog\/wp-content\/uploads\/2022\/10\/Birkenallee-2-300x300.jpg 300w, https:\/\/kinderbuch.blog\/wp-content\/uploads\/2022\/10\/Birkenallee-2-150x150.jpg 150w, https:\/\/kinderbuch.blog\/wp-content\/uploads\/2022\/10\/Birkenallee-2-768x768.jpg 768w, https:\/\/kinderbuch.blog\/wp-content\/uploads\/2022\/10\/Birkenallee-2-90x90.jpg 90w, https:\/\/kinderbuch.blog\/wp-content\/uploads\/2022\/10\/Birkenallee-2-75x75.jpg 75w, https:\/\/kinderbuch.blog\/wp-content\/uploads\/2022\/10\/Birkenallee-2.jpg 1080w\" sizes=\"(max-width: 1024px) 100vw, 1024px\" \/><\/figure>\n\n\n\n<p><\/p>\n\n\n\n<p><\/p>\n\n\n\n<p>\u00a92022, Verlag Friedrich Oetinger, ISBN 9783968460987<\/p>\n\n\n\n<p><a href=\"http:\/\/www.migo-verlag.de\">www.migo-verlag.de<\/a><\/p>\n\n\n\n<p><strong>Davon handelt das Buch:<\/strong><\/p>\n\n\n\n<p>Im Haus Birkenallee 19 gibt es sieben Wohnparteien, diese werden auf dem hinteren Buchdeckel kurz vorgestellt. Neben 12 Erwachsenen wohnen hier acht Kinder, die die Hauptpersonen dieses besonderen Bilderbuches sind. Im Innenteil des aufklappbaren Hauses finden sich 7 Geschichtenb\u00fcchlein in DinA6-Format mit jeweils einer kurzen Geschichte.<\/p>\n\n\n\n<p>In der Erz\u00e4hlung \u201eDas Fr\u00f6hlichkeitsfest\u201c bereiten Jalil, Oskar, Wanda, Oke, Coco und Hille mit Hilfe der Studenten-WG an einem Regentag im Geminschaftswaschkeller ein Fest f\u00fcr die Bewohner vor. In \u201eSchutzengel\u201c werden Hille, Jalil und Coco mit einem zauberhaften Bastel-Kost\u00fcm zu Schutzengeln der Birkenallee 19. In der Kurzgeschichte \u201eSuperstar\u201c lernt Oskar von Wanda und ihrer Schwester Sontje wie man BSBS (Birkenallee sucht die besten S\u00e4nger) spielt. Im Minibuch \u201eSuchpolizei\u201c kommen Oskar und Jalildem frechen Haushund Schr\u00f6der und den verschwundenen Schuhen auf die Spur. Oke erweist sich beim Apfelmuskochen mit dem \u00e4lteren Herrn Bergmann in einem weiteren B\u00fcchlein als \u201eChefhelfer\u201c. Die \u201eSpezialmischung\u201c wird als Hausaufgabe zum Buchstaben S von Jalil und Wanda zusammengemischt und in der Erz\u00e4hlung \u201eFris\u00f6rin und Feenmann\u201c er\u00f6ffnen Hille und Oke nach praktischer \u00dcbung ihren eigenen Frisiersalon.<\/p>\n\n\n\n<figure class=\"wp-block-image size-large\"><img loading=\"lazy\" width=\"1024\" height=\"1024\" src=\"https:\/\/kinderbuch.blog\/wp-content\/uploads\/2022\/10\/Birkenallee-3-1024x1024.jpg\" alt=\"\" class=\"wp-image-2020\" srcset=\"https:\/\/kinderbuch.blog\/wp-content\/uploads\/2022\/10\/Birkenallee-3-1024x1024.jpg 1024w, https:\/\/kinderbuch.blog\/wp-content\/uploads\/2022\/10\/Birkenallee-3-300x300.jpg 300w, https:\/\/kinderbuch.blog\/wp-content\/uploads\/2022\/10\/Birkenallee-3-150x150.jpg 150w, https:\/\/kinderbuch.blog\/wp-content\/uploads\/2022\/10\/Birkenallee-3-768x768.jpg 768w, https:\/\/kinderbuch.blog\/wp-content\/uploads\/2022\/10\/Birkenallee-3-90x90.jpg 90w, https:\/\/kinderbuch.blog\/wp-content\/uploads\/2022\/10\/Birkenallee-3-75x75.jpg 75w, https:\/\/kinderbuch.blog\/wp-content\/uploads\/2022\/10\/Birkenallee-3.jpg 1080w\" sizes=\"(max-width: 1024px) 100vw, 1024px\" \/><\/figure>\n\n\n\n<p><\/p>\n\n\n\n<p><\/p>\n\n\n\n<figure class=\"wp-block-image size-large\"><img loading=\"lazy\" width=\"1024\" height=\"1024\" src=\"https:\/\/kinderbuch.blog\/wp-content\/uploads\/2022\/10\/Birkenallee-4-1024x1024.jpg\" alt=\"\" class=\"wp-image-2021\" srcset=\"https:\/\/kinderbuch.blog\/wp-content\/uploads\/2022\/10\/Birkenallee-4-1024x1024.jpg 1024w, https:\/\/kinderbuch.blog\/wp-content\/uploads\/2022\/10\/Birkenallee-4-300x300.jpg 300w, https:\/\/kinderbuch.blog\/wp-content\/uploads\/2022\/10\/Birkenallee-4-150x150.jpg 150w, https:\/\/kinderbuch.blog\/wp-content\/uploads\/2022\/10\/Birkenallee-4-768x768.jpg 768w, https:\/\/kinderbuch.blog\/wp-content\/uploads\/2022\/10\/Birkenallee-4-90x90.jpg 90w, https:\/\/kinderbuch.blog\/wp-content\/uploads\/2022\/10\/Birkenallee-4-75x75.jpg 75w, https:\/\/kinderbuch.blog\/wp-content\/uploads\/2022\/10\/Birkenallee-4.jpg 1080w\" sizes=\"(max-width: 1024px) 100vw, 1024px\" \/><\/figure>\n\n\n\n<p>\u00a92022, Verlag Friedrich Oetinger, ISBN 9783968460987<\/p>\n\n\n\n<p><strong>Das ist meine Meinung:<\/strong><\/p>\n\n\n\n<p>Ich pers\u00f6nlich w\u00fcrde die Geschichten f\u00fcr Kinder ab 6 Jahren empfehlen, weil sie meist in das komplexe Bewohnergef\u00fcge eingebettet sind und man erstmal verstehen muss, wer genau miteinander agiert. Gut gefallen hat mir die verbindende und belebende Rolle, die den Kindern des Hauses zukommt. Die Einzelb\u00fcchlein haben einen hohen Aufforderungscharakter entnommen und durchgebl\u00e4ttert zu werden. Ich h\u00e4tte mir eine szenische Darstellung in den B\u00fcchlein gew\u00fcnscht, um sie auch f\u00fcr Kindergartenkinder attraktiv zu machen. Ich finde die illustratorische Gestaltung des Hauses und der Figuren sehr gelungen. Inhaltlich finde ich es immer schwierig nur Lebensentw\u00fcrfe in den Vordergrund zu stellen und als Inhalt anzusehen. Toleranz und Empathie entwickeln sich meiner Meinung nicht nur durch die blo\u00dfe Darstellung, sondern durch spannende, lustige und traurige Geschichten, die zum Mitf\u00fchlen anregen und im Kopf bleiben.<\/p>\n","protected":false},"excerpt":{"rendered":"<p>Vorletzte Woche kam dieses gro\u00dfformatige Geschichtenbuch ins Haus geflattert, das mich beim Studieren der Kurzvorstellung neugierig gemacht hatte. Auch das Interesse meiner Kinder war angesichts des Formats gleich geweckt und neugierig wurde ich umlagert. Als ich den Buchdeckel dann aufklappte und die sieben kleinen Geschichtenb\u00fcchlein im l\u00e4nglichen Pixi-Format zum Vorschein kamen, war meine siebenj\u00e4hrige Tochter voll auf begeistert. Aber die [&#8230;]<\/p>\n","protected":false},"author":1,"featured_media":2018,"comment_status":"open","ping_status":"open","sticky":false,"template":"","format":"standard","meta":[],"categories":[33],"tags":[],"_links":{"self":[{"href":"https:\/\/kinderbuch.blog\/index.php?rest_route=\/wp\/v2\/posts\/2017"}],"collection":[{"href":"https:\/\/kinderbuch.blog\/index.php?rest_route=\/wp\/v2\/posts"}],"about":[{"href":"https:\/\/kinderbuch.blog\/index.php?rest_route=\/wp\/v2\/types\/post"}],"author":[{"embeddable":true,"href":"https:\/\/kinderbuch.blog\/index.php?rest_route=\/wp\/v2\/users\/1"}],"replies":[{"embeddable":true,"href":"https:\/\/kinderbuch.blog\/index.php?rest_route=%2Fwp%2Fv2%2Fcomments&post=2017"}],"version-history":[{"count":1,"href":"https:\/\/kinderbuch.blog\/index.php?rest_route=\/wp\/v2\/posts\/2017\/revisions"}],"predecessor-version":[{"id":2022,"href":"https:\/\/kinderbuch.blog\/index.php?rest_route=\/wp\/v2\/posts\/2017\/revisions\/2022"}],"wp:featuredmedia":[{"embeddable":true,"href":"https:\/\/kinderbuch.blog\/index.php?rest_route=\/wp\/v2\/media\/2018"}],"wp:attachment":[{"href":"https:\/\/kinderbuch.blog\/index.php?rest_route=%2Fwp%2Fv2%2Fmedia&parent=2017"}],"wp:term":[{"taxonomy":"category","embeddable":true,"href":"https:\/\/kinderbuch.blog\/index.php?rest_route=%2Fwp%2Fv2%2Fcategories&post=2017"},{"taxonomy":"post_tag","embeddable":true,"href":"https:\/\/kinderbuch.blog\/index.php?rest_route=%2Fwp%2Fv2%2Ftags&post=2017"}],"curies":[{"name":"wp","href":"https:\/\/api.w.org\/{rel}","templated":true}]}}