{"id":2007,"date":"2022-07-24T21:36:31","date_gmt":"2022-07-24T21:36:31","guid":{"rendered":"https:\/\/kinderbuch.blog\/?p=2007"},"modified":"2022-07-24T21:39:37","modified_gmt":"2022-07-24T21:39:37","slug":"einen-maerchenhaften-ferienstart","status":"publish","type":"post","link":"https:\/\/kinderbuch.blog\/?p=2007","title":{"rendered":"Ein m\u00e4rchenhafter Ferienstart"},"content":{"rendered":"\n<p>Mit der Ferienzeit stehen oft auch wieder l\u00e4ngere Autofahrten, Zug- und Flugzeugreisen an. Meine Tochter sagte erst &nbsp;neulich: &nbsp;\u201eIch freue mich auf die Autofahrt nach Cuxhaven. Das ist immer aufregend, da f\u00e4ngt der Urlaub ja eigentlich schon an.\u201c&nbsp; Und diesbez\u00fcglich muss ich ihr absolut recht geben. &nbsp;Nie bin ich als Kind fr\u00fchmorgens schneller aus dem Bett gekommen als zur Abfahrt in den Urlaub . Unvergessen bleibt die Enge auf der R\u00fccksitzbank und der Geruch nach Wurstbroten und Thermoskannen-Kaffee. Auch wenn sich die Fahrt hinzog, so haben wir uns mit Kennzeichen-Notieren, Malen und H\u00f6ren von Walkman oder Autoradio die Zeit vertrieben. Sch\u00f6n, dass meine Kinder das nun auch so wieder erleben.<\/p>\n\n\n\n<p>W\u00e4hrend wir allerdings fr\u00fcher Kassetten abspielen lie\u00dfen und mit Vorfreude den Radiokan\u00e4len der einzelnen durchfahrenen Bundesl\u00e4ndern lauschten, verabschieden sich meine Kinder mittlerweile vom Medium CD. So haben wir H\u00f6rb\u00fccher und H\u00f6rspiele f\u00fcr uns entdeckt und die Kinder haben mit 7 und 10 Jahren nun auch die Konzentrationsf\u00e4higkeit daf\u00fcr. Bei uns sind \u201eM\u00e4rchen\u201c &nbsp;besonders hoch im Kurs. Ja, man kann M\u00e4rchen auch einfach still f\u00fcr sich lesen, aber vorgelesen ist einfach sch\u00f6ner und entspricht ja letztendlich auch dem Ursprung dieser literarischen Gattung. Daher m\u00f6chte ich folgende M\u00e4rchen-H\u00f6rbuchauswahl &nbsp;bzw. \u2013h\u00f6rspiele &nbsp;f\u00fcr die Urlaubsanreise, die Siesta in der Unterkunft und Malnachmittage an Regentagen&nbsp; im&nbsp; Urlaub empfehlen, die es im kostenlosen Probemonat bei audible zu h\u00f6ren gibt:<\/p>\n\n\n\n<p><a href=\"https:\/\/www.audible.de\/pd\/Haensel-und-Gretel-Die-Bremer-Stadtmusikanten-Grimms-Maerchen-Hoerbuch\/B004EIM8LS?action_code=ASSGB149080119000H&amp;share_location=pdp&amp;shareTest=TestShare\">https:\/\/www.audible.de\/pd\/Haensel-und-Gretel-Die-Bremer-Stadtmusikanten-Grimms-Maerchen-Hoerbuch\/B004EIM8LS?action_code=ASSGB149080119000H&amp;share_location=pdp&amp;shareTest=TestShare<\/a><\/p>\n\n\n\n<figure class=\"wp-block-image size-large\"><img loading=\"lazy\" width=\"717\" height=\"1024\" src=\"http:\/\/kinderbuch.blog\/wp-content\/uploads\/2022\/07\/Haensel-und-Gretel-audible-717x1024.jpg\" alt=\"\" class=\"wp-image-2008\" srcset=\"https:\/\/kinderbuch.blog\/wp-content\/uploads\/2022\/07\/Haensel-und-Gretel-audible-717x1024.jpg 717w, https:\/\/kinderbuch.blog\/wp-content\/uploads\/2022\/07\/Haensel-und-Gretel-audible-210x300.jpg 210w, https:\/\/kinderbuch.blog\/wp-content\/uploads\/2022\/07\/Haensel-und-Gretel-audible-768x1097.jpg 768w, https:\/\/kinderbuch.blog\/wp-content\/uploads\/2022\/07\/Haensel-und-Gretel-audible-1075x1536.jpg 1075w, https:\/\/kinderbuch.blog\/wp-content\/uploads\/2022\/07\/Haensel-und-Gretel-audible.jpg 1080w\" sizes=\"(max-width: 717px) 100vw, 717px\" \/><figcaption>\u00a9 www.audible.de<\/figcaption><\/figure>\n\n\n\n<p>Ein sch\u00f6nes H\u00f6rspiel mit Musik zwischen den M\u00e4rchen.<\/p>\n\n\n\n<p><\/p>\n\n\n\n<p><\/p>\n\n\n\n<p><a href=\"https:\/\/www.audible.de\/pd\/Grimms-Maerchen-10er-Box-Hoerbuch\/B005J4W6BS?action_code=ASSGB149080119000H&amp;share_location=pdp&amp;shareTest=TestShare\">https:\/\/www.audible.de\/pd\/Grimms-Maerchen-10er-Box-Hoerbuch\/B005J4W6BS?action_code=ASSGB149080119000H&amp;share_location=pdp&amp;shareTest=TestShare<\/a><\/p>\n\n\n\n<figure class=\"wp-block-image size-large\"><img loading=\"lazy\" width=\"882\" height=\"1024\" src=\"https:\/\/kinderbuch.blog\/wp-content\/uploads\/2022\/07\/10-er-Box-Maerchen-audible-882x1024.jpg\" alt=\"\" class=\"wp-image-2009\" srcset=\"https:\/\/kinderbuch.blog\/wp-content\/uploads\/2022\/07\/10-er-Box-Maerchen-audible-882x1024.jpg 882w, https:\/\/kinderbuch.blog\/wp-content\/uploads\/2022\/07\/10-er-Box-Maerchen-audible-258x300.jpg 258w, https:\/\/kinderbuch.blog\/wp-content\/uploads\/2022\/07\/10-er-Box-Maerchen-audible-768x892.jpg 768w, https:\/\/kinderbuch.blog\/wp-content\/uploads\/2022\/07\/10-er-Box-Maerchen-audible.jpg 1080w\" sizes=\"(max-width: 882px) 100vw, 882px\" \/><\/figure>\n\n\n\n<p>\u00a9 www.audible.de<\/p>\n\n\n\n<p>Bunte Sammlung toller M\u00e4rchenh\u00f6rspiele!<\/p>\n\n\n\n<p><a href=\"https:\/\/www.audible.de\/pd\/Maerchen-Hoerbuch\/B006W5X838?action_code=ASSGB149080119000H&amp;share_location=pdp&amp;shareTest=TestShare\">https:\/\/www.audible.de\/pd\/Maerchen-Hoerbuch\/B006W5X838?action_code=ASSGB149080119000H&amp;share_location=pdp&amp;shareTest=TestShare<\/a><\/p>\n\n\n\n<figure class=\"wp-block-image size-large\"><img loading=\"lazy\" width=\"745\" height=\"1024\" src=\"https:\/\/kinderbuch.blog\/wp-content\/uploads\/2022\/07\/astrid-lindgren-maerchen-audible-745x1024.jpg\" alt=\"\" class=\"wp-image-2010\" srcset=\"https:\/\/kinderbuch.blog\/wp-content\/uploads\/2022\/07\/astrid-lindgren-maerchen-audible-745x1024.jpg 745w, https:\/\/kinderbuch.blog\/wp-content\/uploads\/2022\/07\/astrid-lindgren-maerchen-audible-218x300.jpg 218w, https:\/\/kinderbuch.blog\/wp-content\/uploads\/2022\/07\/astrid-lindgren-maerchen-audible-768x1055.jpg 768w, https:\/\/kinderbuch.blog\/wp-content\/uploads\/2022\/07\/astrid-lindgren-maerchen-audible.jpg 1080w\" sizes=\"(max-width: 745px) 100vw, 745px\" \/><figcaption>\u00a9 www.audible.de<\/figcaption><\/figure>\n\n\n\n<p>Der Sprecher der Madita-H\u00f6rspiele aus meiner Kindheit liest Astrid Lindgrens M\u00e4rchen.<\/p>\n\n\n\n<p>Wer eine sch\u00f6ne Auswahl von aktuellen Bestsellern und klassischen Kinderb\u00fcchern sichten m\u00f6chte, dem sei folgende \u00dcbersicht empfohlen:<\/p>\n\n\n\n<p><a href=\"https:\/\/magazin.audible.de\/top-10-der-kinder-hoerbuecher\/\">https:\/\/magazin.audible.de\/top-10-der-kinder-hoerbuecher\/<\/a><\/p>\n\n\n\n<p>Mein allerliebster Klassiker ist \u00fcbrigens die Vertonung von \u201eJim Knopf und Lukas der Lokomotivf\u00fchrer\u201c als H\u00f6rspiel, bei dem Michael Ende pers\u00f6nlich als Erz\u00e4hler spricht:<\/p>\n\n\n\n<p><a href=\"https:\/\/www.audible.de\/pd\/Jim-Knopf-und-Lukas-der-Lokomotivfuehrer-Hoerbuch\/B07WSF1FGP?action_code=ASSGB149080119000H&amp;share_location=pdp&amp;shareTest=TestShare\">https:\/\/www.audible.de\/pd\/Jim-Knopf-und-Lukas-der-Lokomotivfuehrer-Hoerbuch\/B07WSF1FGP?action_code=ASSGB149080119000H&amp;share_location=pdp&amp;shareTest=TestShare<\/a><\/p>\n\n\n\n<figure class=\"wp-block-image size-large\"><img loading=\"lazy\" width=\"711\" height=\"1024\" src=\"https:\/\/kinderbuch.blog\/wp-content\/uploads\/2022\/07\/Jim-Knopf-audible-711x1024.jpg\" alt=\"\" class=\"wp-image-2011\" srcset=\"https:\/\/kinderbuch.blog\/wp-content\/uploads\/2022\/07\/Jim-Knopf-audible-711x1024.jpg 711w, https:\/\/kinderbuch.blog\/wp-content\/uploads\/2022\/07\/Jim-Knopf-audible-208x300.jpg 208w, https:\/\/kinderbuch.blog\/wp-content\/uploads\/2022\/07\/Jim-Knopf-audible-768x1106.jpg 768w, https:\/\/kinderbuch.blog\/wp-content\/uploads\/2022\/07\/Jim-Knopf-audible-1067x1536.jpg 1067w, https:\/\/kinderbuch.blog\/wp-content\/uploads\/2022\/07\/Jim-Knopf-audible.jpg 1080w\" sizes=\"(max-width: 711px) 100vw, 711px\" \/><\/figure>\n\n\n\n<p>\u00a9 www.audible.de<\/p>\n","protected":false},"excerpt":{"rendered":"<p>Mit der Ferienzeit stehen oft auch wieder l\u00e4ngere Autofahrten, Zug- und Flugzeugreisen an. Meine Tochter sagte erst &nbsp;neulich: &nbsp;\u201eIch freue mich auf die Autofahrt nach Cuxhaven. Das ist immer aufregend, da f\u00e4ngt der Urlaub ja eigentlich schon an.\u201c&nbsp; Und diesbez\u00fcglich muss ich ihr absolut recht geben. &nbsp;Nie bin ich als Kind fr\u00fchmorgens schneller aus dem Bett gekommen als zur Abfahrt [&#8230;]<\/p>\n","protected":false},"author":1,"featured_media":2008,"comment_status":"open","ping_status":"open","sticky":false,"template":"","format":"standard","meta":[],"categories":[33],"tags":[],"_links":{"self":[{"href":"https:\/\/kinderbuch.blog\/index.php?rest_route=\/wp\/v2\/posts\/2007"}],"collection":[{"href":"https:\/\/kinderbuch.blog\/index.php?rest_route=\/wp\/v2\/posts"}],"about":[{"href":"https:\/\/kinderbuch.blog\/index.php?rest_route=\/wp\/v2\/types\/post"}],"author":[{"embeddable":true,"href":"https:\/\/kinderbuch.blog\/index.php?rest_route=\/wp\/v2\/users\/1"}],"replies":[{"embeddable":true,"href":"https:\/\/kinderbuch.blog\/index.php?rest_route=%2Fwp%2Fv2%2Fcomments&post=2007"}],"version-history":[{"count":3,"href":"https:\/\/kinderbuch.blog\/index.php?rest_route=\/wp\/v2\/posts\/2007\/revisions"}],"predecessor-version":[{"id":2014,"href":"https:\/\/kinderbuch.blog\/index.php?rest_route=\/wp\/v2\/posts\/2007\/revisions\/2014"}],"wp:featuredmedia":[{"embeddable":true,"href":"https:\/\/kinderbuch.blog\/index.php?rest_route=\/wp\/v2\/media\/2008"}],"wp:attachment":[{"href":"https:\/\/kinderbuch.blog\/index.php?rest_route=%2Fwp%2Fv2%2Fmedia&parent=2007"}],"wp:term":[{"taxonomy":"category","embeddable":true,"href":"https:\/\/kinderbuch.blog\/index.php?rest_route=%2Fwp%2Fv2%2Fcategories&post=2007"},{"taxonomy":"post_tag","embeddable":true,"href":"https:\/\/kinderbuch.blog\/index.php?rest_route=%2Fwp%2Fv2%2Ftags&post=2007"}],"curies":[{"name":"wp","href":"https:\/\/api.w.org\/{rel}","templated":true}]}}