{"id":1985,"date":"2022-06-13T09:35:53","date_gmt":"2022-06-13T09:35:53","guid":{"rendered":"https:\/\/kinderbuch.blog\/?p=1985"},"modified":"2022-06-20T14:08:17","modified_gmt":"2022-06-20T14:08:17","slug":"lichterland-von-carolin-jelden","status":"publish","type":"post","link":"https:\/\/kinderbuch.blog\/?p=1985","title":{"rendered":"Das Lichterland macht gl\u00fccklich"},"content":{"rendered":"\n<p>Nach einem Lekt\u00fcreabstecher \u00fcber den Herr der Ringe (, vielleicht brauchte meine Seele das angesichts des Kriegs in der Ukraine,) habe ich in den letzten Wochen mehrere Kinder- und Jugendb\u00fccher gelesen und die besten und sch\u00f6nsten m\u00f6chte ich Euch in den kommenden Beitr\u00e4gen vorstellen.<\/p>\n\n\n\n<p>Den Anfang\u00a0 macht das Kinderbuch \u00a0\u201eLichterland- Die Suche nach dem magischen Amulett\u201c \u00a0der deutschen Kinderbuchautorin Carolin Jelden aus dem Jahr 2020. Es ist in der Reihe Ellermann Vorlesegl\u00fcck des Dressler Verlags erschienen und wird als Vorlesebuch f\u00fcr Kinder ab 5 Jahren empfohlen. Die Illustrationen stammen von Laura Bednarski und sind -wunderbar farbig- \u00a0alle 3 bis 5 Seiten in einer gestalteten Doppelseite zu finden. Zahlreiche kleine Bilder sowie eine Landkarte im Buchdeckel runden das Werk ab.<\/p>\n\n\n\n<p><strong>Davon handelt das Vorlesebuch:<\/strong><\/p>\n\n\n\n<p>Was macht den Glimmerwald im Lichterland so besonders? Sind es die Pflanzen wie die Knisterblume, das Elfenmoos, die Laternen- oder Funkelkirschenb\u00e4ume? Oder sind es vielleicht die geheimnisvollen Tiere und Wesen wie die Kerzenkobolde, die Leuchtschnecken, die Steinmonks, die Erdmurpel, die Wirbelwutschs, die Schattenbei\u00dfer oder die Mondsegler?<\/p>\n\n\n\n<p>Jedenfalls startet die Geschichte\u00a0 vom Lichterland und dem verschwundenen Amulett genau hier. Wie jede Woche ist Karla zum Beeren- und Pflaumensammeln im Glimmerwald und trifft dort unverhofft auf einen Jungen, der sich verirrt hat. Schnell stellt sich heraus, dass Frederik nicht nur irgendjemand, sondern der Prinz vom Lichterland ist. Um seinen beiden Br\u00fcdern seinen Mut zu beweisen, hat sich Frederik durch ein Loch in der Schlossmauer\u00a0 gezw\u00e4ngt und auf den Weg in den Glimmerwald gemacht.\u00a0 Nun stehen Karla und Frederik auf ihrem R\u00fcckweg zum Schloss im Nebelsee Abenteuer im Glimmerwald und in Siebenstadt bevor.\u00a0 Klar, dass hier eine Freundschaft entsteht!<\/p>\n\n\n\n<figure class=\"wp-block-image size-large\"><img loading=\"lazy\" width=\"1024\" height=\"636\" src=\"https:\/\/kinderbuch.blog\/wp-content\/uploads\/2022\/06\/Lichterland2-1024x636.jpg\" alt=\"\" class=\"wp-image-1988\" srcset=\"https:\/\/kinderbuch.blog\/wp-content\/uploads\/2022\/06\/Lichterland2-1024x636.jpg 1024w, https:\/\/kinderbuch.blog\/wp-content\/uploads\/2022\/06\/Lichterland2-300x186.jpg 300w, https:\/\/kinderbuch.blog\/wp-content\/uploads\/2022\/06\/Lichterland2-768x477.jpg 768w, https:\/\/kinderbuch.blog\/wp-content\/uploads\/2022\/06\/Lichterland2.jpg 1181w\" sizes=\"(max-width: 1024px) 100vw, 1024px\" \/><figcaption>\u00a92020, ellermann im Dressler Verlag Gmbh <br>www.ellermann.de<\/figcaption><\/figure>\n\n\n\n<figure class=\"wp-block-image size-large\"><img loading=\"lazy\" width=\"1024\" height=\"624\" src=\"http:\/\/kinderbuch.blog\/wp-content\/uploads\/2022\/06\/Lichterland-1-1024x624.jpg\" alt=\"\" class=\"wp-image-1987\" srcset=\"https:\/\/kinderbuch.blog\/wp-content\/uploads\/2022\/06\/Lichterland-1-1024x624.jpg 1024w, https:\/\/kinderbuch.blog\/wp-content\/uploads\/2022\/06\/Lichterland-1-300x183.jpg 300w, https:\/\/kinderbuch.blog\/wp-content\/uploads\/2022\/06\/Lichterland-1-768x468.jpg 768w, https:\/\/kinderbuch.blog\/wp-content\/uploads\/2022\/06\/Lichterland-1.jpg 1181w\" sizes=\"(max-width: 1024px) 100vw, 1024px\" \/><figcaption>\u00a92020, ellermann im Dressler Verlag Gmbh <br>www.ellermann.de<\/figcaption><\/figure>\n\n\n\n<p>Wohlbehalten zur\u00fcck im Felsenschloss kommen Karla und Frederik dem Geheimnis des versteinerten Huts und des Amuletts des Zauberers Poklorius auf die Spur. Bei ihrer anschlie\u00dfenden Suche nach dem verschwundenen Amulett lernen die beiden Freunde wichtige Pers\u00f6nlichkeiten, Wesen und andere Orte Lichterlands kennen und es gelingt ihnen schlussendlich die Gl\u00fcckslichter zu befreien.<\/p>\n\n\n\n<p><strong>Meine Meinung:<\/strong><\/p>\n\n\n\n<p>Dieses Kinderbuch bietet alles, was Kinder sich von B\u00fcchern w\u00fcnschen: Spannung, Humor, fantasievolle Orte, besondere Tiere und Fabelwesen, Freundschaft und Zusammenhalt unter Kindern.<\/p>\n\n\n\n<p>Begeistert haben mich die Zusammentreffen mit den witzigen Kerzenkobolden, die immer in Reimen sprechen und nur Schabernack im Kopf haben.<\/p>\n\n\n\n<p>Die Abenteuer im Glimmerwald, die Verfolgung durch die Wachen des K\u00f6nigs in Siebenstadt und das Zusammentreffen mit den hinterh\u00e4ltigen Br\u00fcdern Frederiks sorgen f\u00fcr Spannung und die Landschaften und Wesen des Lichterlands sind mit so viel Detailliebe beschrieben und illustratorisch umgesetzt, dass ich das Vorlesebuch uneingeschr\u00e4nkt empfehlen kann!<\/p>\n\n\n\n<p>Dar\u00fcber hinaus kann ich mir das Kinderbuch auch sehr gut als Vorlesebuch im Deutsch- oder Kunstunterricht &nbsp;der Grundschule oder &nbsp;bis Klasse 6 vorstellen. &nbsp;Auch zum Selbstlesen w\u00fcrde ich es f\u00fcr Kinder ab 9 Jahren empfehlen. &nbsp;<\/p>\n","protected":false},"excerpt":{"rendered":"<p>Nach einem Lekt\u00fcreabstecher \u00fcber den Herr der Ringe (, vielleicht brauchte meine Seele das angesichts des Kriegs in der Ukraine,) habe ich in den letzten Wochen mehrere Kinder- und Jugendb\u00fccher gelesen und die besten und sch\u00f6nsten m\u00f6chte ich Euch in den kommenden Beitr\u00e4gen vorstellen. Den Anfang\u00a0 macht das Kinderbuch \u00a0\u201eLichterland- Die Suche nach dem magischen Amulett\u201c \u00a0der deutschen Kinderbuchautorin Carolin [&#8230;]<\/p>\n","protected":false},"author":1,"featured_media":1990,"comment_status":"open","ping_status":"open","sticky":false,"template":"","format":"standard","meta":[],"categories":[44,33],"tags":[],"_links":{"self":[{"href":"https:\/\/kinderbuch.blog\/index.php?rest_route=\/wp\/v2\/posts\/1985"}],"collection":[{"href":"https:\/\/kinderbuch.blog\/index.php?rest_route=\/wp\/v2\/posts"}],"about":[{"href":"https:\/\/kinderbuch.blog\/index.php?rest_route=\/wp\/v2\/types\/post"}],"author":[{"embeddable":true,"href":"https:\/\/kinderbuch.blog\/index.php?rest_route=\/wp\/v2\/users\/1"}],"replies":[{"embeddable":true,"href":"https:\/\/kinderbuch.blog\/index.php?rest_route=%2Fwp%2Fv2%2Fcomments&post=1985"}],"version-history":[{"count":7,"href":"https:\/\/kinderbuch.blog\/index.php?rest_route=\/wp\/v2\/posts\/1985\/revisions"}],"predecessor-version":[{"id":1997,"href":"https:\/\/kinderbuch.blog\/index.php?rest_route=\/wp\/v2\/posts\/1985\/revisions\/1997"}],"wp:featuredmedia":[{"embeddable":true,"href":"https:\/\/kinderbuch.blog\/index.php?rest_route=\/wp\/v2\/media\/1990"}],"wp:attachment":[{"href":"https:\/\/kinderbuch.blog\/index.php?rest_route=%2Fwp%2Fv2%2Fmedia&parent=1985"}],"wp:term":[{"taxonomy":"category","embeddable":true,"href":"https:\/\/kinderbuch.blog\/index.php?rest_route=%2Fwp%2Fv2%2Fcategories&post=1985"},{"taxonomy":"post_tag","embeddable":true,"href":"https:\/\/kinderbuch.blog\/index.php?rest_route=%2Fwp%2Fv2%2Ftags&post=1985"}],"curies":[{"name":"wp","href":"https:\/\/api.w.org\/{rel}","templated":true}]}}