{"id":1948,"date":"2021-11-12T19:43:01","date_gmt":"2021-11-12T19:43:01","guid":{"rendered":"http:\/\/kinderbuch.blog\/?p=1948"},"modified":"2021-11-12T20:05:58","modified_gmt":"2021-11-12T20:05:58","slug":"meine-neuerscheinungshighlights-2021","status":"publish","type":"post","link":"https:\/\/kinderbuch.blog\/?p=1948","title":{"rendered":"Kinderbuchneuerscheinungen 2021"},"content":{"rendered":"<p>Wer ein sch\u00f6nes, aktuelles Kinderbuch als Weihnachtsgeschenk sucht, wird eventuell in meiner Liste der Neuerscheinungshighlights des letzten Jahres f\u00fcndig.<\/p>\n<p>Da der Platz in unserem B\u00fccherregal leider begrenzt ist, pr\u00fcfe ich jeden Anw\u00e4rter auf einen Regalplatz auf Herz und Nieren. Dabei lasse ich mich in Buchhandlungen, von den Verlagsprogrammen online oder in ausliegenden Prospekten inspirieren und brauche dann meist nochmal die Haptik und die Optik in der Buchhandlung. Die 13 Neuerscheinungen aus dem Jahr 2021, die ich heute vorstellen m\u00f6chte, \u00a0haben alle ihre Feuertaufe bestanden und mich qualitativ \u00fcberzeugt. Hier nun die Buchtitel in der Reihenfolge ihres Erscheinungsdatums:<\/p>\n<p><strong style=\"font-size: 0.95em;\">6. Februar 2021 \u201eWillkommen in der Wichtelwelt\u201c von Eva Dax\/Sabine Dully<\/strong><\/p>\n<p>Lesealter: 4-6 Jahre<\/p>\n<p><img loading=\"lazy\" class=\"alignleft size-full wp-image-1949\" src=\"http:\/\/kinderbuch.blog\/wp-content\/uploads\/2021\/11\/Willkommen-in-der-Wichtelwelt.jpg\" alt=\"\" width=\"189\" height=\"266\" \/><\/p>\n<p>&nbsp;<\/p>\n<p>&nbsp;<\/p>\n<p>&nbsp;<\/p>\n<p>&nbsp;<\/p>\n<p>&nbsp;<\/p>\n<p>&nbsp;<\/p>\n<p>&nbsp;<\/p>\n<p>&nbsp;<\/p>\n<p>&nbsp;<\/p>\n<p>\u00a92021, Ellermann Verlag, ISBN9783770701803<\/p>\n<p><a href=\"http:\/\/www.ellermann.de\">www.ellermann.de<\/a><\/p>\n<p>Das zweite Abenteuer von Hauswichtel Jeppe, Hamster Oswald und Gartenwichtelin Runkel hat mich wieder gut unterhalten und mitgenommen.<\/p>\n<p>&nbsp;<\/p>\n<p><strong>23. Februar 2021 \u201eFrau Honig- Wenn der Wind weht\u201c von Sabine Bohlmann <\/strong><\/p>\n<p>Lesealter: ab 8 Jahre<\/p>\n<p><img loading=\"lazy\" class=\"alignleft size-full wp-image-1950\" src=\"http:\/\/kinderbuch.blog\/wp-content\/uploads\/2021\/11\/Frau-Honig-Wenn-der-Wind-weht.jpg\" alt=\"\" width=\"188\" height=\"266\" \/><\/p>\n<p>&nbsp;<\/p>\n<p>&nbsp;<\/p>\n<p>&nbsp;<\/p>\n<p>&nbsp;<\/p>\n<p>&nbsp;<\/p>\n<p>&nbsp;<\/p>\n<p>&nbsp;<\/p>\n<p>&nbsp;<\/p>\n<p>&nbsp;<\/p>\n<p>&nbsp;<\/p>\n<p>\u00a92021,Planet! Verlag, ISBN \u00a0978-3522507004<\/p>\n<p><a href=\"http:\/\/www.planet-verlag.de\">www.planet-verlag.de<\/a><\/p>\n<p>Der dritte Band der Frau Honig-Reihe hat es durch meine Tochter ins B\u00fccherregal geschafft, die die Buchreihe sehr mag.<\/p>\n<p>&nbsp;<\/p>\n<p><strong style=\"font-size: 0.95em;\">24. M\u00e4rz 2021\u00a0 \u201eBagger Billy\u201c von Jan Zberg\/Peter Knorr<\/strong><\/p>\n<p>Lesealter: Ab 4 Jahre<\/p>\n<p><img loading=\"lazy\" class=\"alignleft size-medium wp-image-1951\" src=\"http:\/\/kinderbuch.blog\/wp-content\/uploads\/2021\/11\/bagger-billy-233x300.jpg\" alt=\"\" width=\"233\" height=\"300\" srcset=\"https:\/\/kinderbuch.blog\/wp-content\/uploads\/2021\/11\/bagger-billy-233x300.jpg 233w, https:\/\/kinderbuch.blog\/wp-content\/uploads\/2021\/11\/bagger-billy.jpg 388w\" sizes=\"(max-width: 233px) 100vw, 233px\" \/><\/p>\n<p>&nbsp;<\/p>\n<p>&nbsp;<\/p>\n<p>&nbsp;<\/p>\n<p>&nbsp;<\/p>\n<p>&nbsp;<\/p>\n<p>&nbsp;<\/p>\n<p>&nbsp;<\/p>\n<p>&nbsp;<\/p>\n<p>&nbsp;<\/p>\n<p>&nbsp;<\/p>\n<p>&nbsp;<\/p>\n<p>\u00a92021, Fischer Sauerl\u00e4nder Verlage, ISBN 978-3737357616<\/p>\n<p>www.fischerverlage.de<\/p>\n<p>Eigentlich handelt es sich bei diesem Buch nur um die Neuausgabe des Bilderbuches aus dem Jahr 2002. Dennoch m\u00f6chte ich es gerne im Rahmen dieser Vorstellungen empfehlen. Es ist\u00a0ein wohltuend anderes Baustellen- und Baggerbuch, das kleinkindgerechte spannende Szenen bietet und die Perspektiven zeigt, die Jungen interessieren. Zudem ist es k\u00fcnstlerisch anspruchsvoll. Meiner Meinung nach f\u00fcr Kinder ab 2 Jahren geeignet.<\/p>\n<p>&nbsp;<\/p>\n<p><strong>23. April 2021 &#8222;Boris der Kater- der findigste Kater aller Zeiten&#8220; von Erwin Moser<\/strong><br \/>\nLesealter: 4-6 Jahre<br \/>\n<img loading=\"lazy\" class=\"alignleft size-medium wp-image-1939\" src=\"http:\/\/kinderbuch.blog\/wp-content\/uploads\/2021\/07\/Boris-der-Kater-300x233.jpg\" alt=\"\" width=\"300\" height=\"233\" srcset=\"https:\/\/kinderbuch.blog\/wp-content\/uploads\/2021\/07\/Boris-der-Kater-300x233.jpg 300w, https:\/\/kinderbuch.blog\/wp-content\/uploads\/2021\/07\/Boris-der-Kater.jpg 499w\" sizes=\"(max-width: 300px) 100vw, 300px\" \/><\/p>\n<p>&nbsp;<\/p>\n<p>&nbsp;<\/p>\n<p>&nbsp;<\/p>\n<p>&nbsp;<\/p>\n<p>&nbsp;<\/p>\n<p>&nbsp;<\/p>\n<p>&nbsp;<\/p>\n<p>&nbsp;<\/p>\n<p>\u00a92021, NordS\u00fcdVerlag, ISBN\u00a0978-3314105388<br \/>\n<a href=\"http:\/\/www.nord-sued.com\">www.nord-sued.com<\/a><\/p>\n<p>Auch wenn ich die Bildergeschichten der M\u00e4useriche Manuel und Didi vorziehen w\u00fcrde, finde ich den Sammelband mit den 65 Sechs-Bilder-Geschichten unterhaltsam zum Vorlesen und gem\u00fctlichen Ansehen.<\/p>\n<p>&nbsp;<\/p>\n<p>&nbsp;<\/p>\n<p><strong style=\"font-size: 0.95em;\">27. Juli 2021 \u201eEmmas Einhorn\u201c von Briony May Smith<\/strong><\/p>\n<p>Lesealter: ab 3 Jahre<\/p>\n<p><img loading=\"lazy\" class=\"alignleft size-full wp-image-1952\" src=\"http:\/\/kinderbuch.blog\/wp-content\/uploads\/2021\/11\/emmas-Einhorn.jpg\" alt=\"\" width=\"200\" height=\"264\" \/><\/p>\n<p>&nbsp;<\/p>\n<p>&nbsp;<\/p>\n<p>&nbsp;<\/p>\n<p>&nbsp;<\/p>\n<p>&nbsp;<\/p>\n<p>&nbsp;<\/p>\n<p>&nbsp;<\/p>\n<p>&nbsp;<\/p>\n<p>&nbsp;<\/p>\n<p>\u00a92021, Esslinger Verlag, ISBN 978-3480237173<\/p>\n<p><a href=\"http:\/\/www.esslinger-verlag.de\">www.esslinger-verlag.de<\/a><\/p>\n<p>Das englische Bilderbuch (Originaltitel \u201eMargaret\u2019s Unicorn\u201c)\u00a0 hat mich durch seine emotionalen Bilder angesprochen und bietet eine Tierfreundschaftsgeschichte wie M\u00e4dchen sie sich w\u00fcnschen.<\/p>\n<p>&nbsp;<\/p>\n<p><strong>20. August 2021 &#8222;Zippel-ein Schlossgespenst auf Geisterfahrt&#8220; von Axel R\u00fchle<\/strong><br \/>\nLesealter: ab 6 Jahre<\/p>\n<p><img loading=\"lazy\" class=\"alignleft size-full wp-image-1953\" src=\"http:\/\/kinderbuch.blog\/wp-content\/uploads\/2021\/11\/Zippel-ein-Schlossgespenst-auf-Geisterfahrt.jpg\" alt=\"\" width=\"194\" height=\"266\" \/><\/p>\n<p>&nbsp;<\/p>\n<p>&nbsp;<\/p>\n<p>&nbsp;<\/p>\n<p>&nbsp;<\/p>\n<p>&nbsp;<\/p>\n<p>&nbsp;<\/p>\n<p>&nbsp;<\/p>\n<p>&nbsp;<\/p>\n<p>&nbsp;<\/p>\n<p>\u00a92021, dtv Verlagsgesellschaft, ISBN \u200e\u00a0978-3423763424<\/p>\n<p>www.dtv.de<\/p>\n<p>In seinem zweiten Abenteuer hat Zippel das Schlossgespenst nichts von seiner liebensw\u00fcrdigen Art und Sprachgewandtheit verloren und erlebt nun ein richtiges Abenteuer. Dennoch w\u00fcrde ich das Buch aufgrund seiner Komplexit\u00e4t erst ab 8 Jahren empfehlen.<\/p>\n<p>&nbsp;<\/p>\n<p><strong style=\"font-size: 0.95em;\">24. August 2021 \u201eDas Geschenk der Tiere\u201c von Kallie George\/ Stephanie Graegin<\/strong><\/p>\n<p>Lesealter: ab 3 Jahre<\/p>\n<p><img loading=\"lazy\" class=\"alignleft size-medium wp-image-1954\" src=\"http:\/\/kinderbuch.blog\/wp-content\/uploads\/2021\/11\/Das-Geschenk-der-Tiere-240x300.jpg\" alt=\"\" width=\"240\" height=\"300\" srcset=\"https:\/\/kinderbuch.blog\/wp-content\/uploads\/2021\/11\/Das-Geschenk-der-Tiere-240x300.jpg 240w, https:\/\/kinderbuch.blog\/wp-content\/uploads\/2021\/11\/Das-Geschenk-der-Tiere.jpg 260w\" sizes=\"(max-width: 240px) 100vw, 240px\" \/><\/p>\n<p>&nbsp;<\/p>\n<p>&nbsp;<\/p>\n<p>&nbsp;<\/p>\n<p>&nbsp;<\/p>\n<p>&nbsp;<\/p>\n<p>&nbsp;<\/p>\n<p>&nbsp;<\/p>\n<p>&nbsp;<\/p>\n<p>&nbsp;<\/p>\n<p>&nbsp;<\/p>\n<p>\u00a92021, Schneiderbuch Verlag, ISBN978-3505144394<\/p>\n<p><a href=\"http:\/\/www.schneiderbuch.de\">www.schneiderbuch.de<\/a><\/p>\n<p>Nur wenige Tage bevor die ersten Lebkuchen in den Regalen der Superm\u00e4rkte zu entdecken waren, erreichte uns dieses druckfrische Weihnachtsbilderbuch des Erfolgduos George\/Graegin. Die Geschichte der vier Tiere die das verloren gegangene P\u00e4ckchen dem Baby auf dem Bauernhof zustellen, ist absolut kindgerecht konzipiert und herzerw\u00e4rmend umgesetzt.<br \/>\n<strong><br \/>\n10.\u00a0September 2021 &#8222;Holla Honigkuchenfee&#8220; von Teresa Hochmuth\/ Julia Christians<\/strong><br \/>\nLesealter: ab 5 Jahre<br \/>\n<img loading=\"lazy\" class=\"alignleft size-full wp-image-1956\" src=\"http:\/\/kinderbuch.blog\/wp-content\/uploads\/2021\/11\/Holla-Honigkuchenfee.jpg\" alt=\"\" width=\"189\" height=\"266\" \/><\/p>\n<p>&nbsp;<\/p>\n<p>&nbsp;<\/p>\n<p>&nbsp;<\/p>\n<p>&nbsp;<\/p>\n<p>&nbsp;<\/p>\n<p>&nbsp;<\/p>\n<p>&nbsp;<\/p>\n<p>&nbsp;<\/p>\n<p>&nbsp;<\/p>\n<p>\u00a92021, Magellan Verlag, ISBN\u00a0978-3734828287<br \/>\n<a href=\"http:\/\/www.magellanverlag.de\">www.magellanverlag.de<\/a><\/p>\n<p>Ein Buch das in seiner Konzeption an Petronella Apfelmus erinnert. Es hat mich absolut bei Unterhaltungswert und Machart \u00fcberzeugt. Ein tolles Vorlesebuch f\u00fcr die Vorweihnachtszeit in Schule und f\u00fcr Zuhause!<\/p>\n<p>&nbsp;<\/p>\n<p><strong style=\"font-size: 0.95em;\">10. September 2021 \u201eKuschelflosse- Das goldige Gl\u00fccksdrachen-Geglitzer\u201c von Nina M\u00fcller<\/strong><\/p>\n<p>Lesealter: ab 4 Jahre<\/p>\n<p><img loading=\"lazy\" class=\"alignleft size-medium wp-image-1957\" src=\"http:\/\/kinderbuch.blog\/wp-content\/uploads\/2021\/11\/Kuschelflosse-und-das-goldige-Gl\u00fccksdrachen-Geglitzer-251x300.jpg\" alt=\"\" width=\"251\" height=\"300\" srcset=\"https:\/\/kinderbuch.blog\/wp-content\/uploads\/2021\/11\/Kuschelflosse-und-das-goldige-Gl\u00fccksdrachen-Geglitzer-251x300.jpg 251w, https:\/\/kinderbuch.blog\/wp-content\/uploads\/2021\/11\/Kuschelflosse-und-das-goldige-Gl\u00fccksdrachen-Geglitzer.jpg 419w\" sizes=\"(max-width: 251px) 100vw, 251px\" \/><\/p>\n<p>&nbsp;<\/p>\n<p>&nbsp;<\/p>\n<p>&nbsp;<\/p>\n<p>&nbsp;<\/p>\n<p>&nbsp;<\/p>\n<p>&nbsp;<\/p>\n<p>&nbsp;<\/p>\n<p>&nbsp;<\/p>\n<p>&nbsp;<\/p>\n<p>&nbsp;<\/p>\n<p>\u00a92021, Magellan Verlag, ISBN\u00a0978-3734828348<\/p>\n<p>www.magellanverlag.de<\/p>\n<p>Auch Band 7, der fantasievollen Kinderbuchreihe hat wieder \u00fcberzeugt.<\/p>\n<p>&nbsp;<\/p>\n<p><strong>22. September 2021 \u201ePetronella Apfelmus Eismagie und wilde Wichte\u201c von Sabine St\u00e4ding\/ Sabine B\u00fcchner<\/strong><\/p>\n<p>Lesealter: ab 8 Jahre<\/p>\n<p><img loading=\"lazy\" class=\"alignleft size-full wp-image-1958\" src=\"http:\/\/kinderbuch.blog\/wp-content\/uploads\/2021\/11\/Petronella-Apfelmus-Eismagie-und-wilde-Wichte.jpg\" alt=\"\" width=\"182\" height=\"266\" \/><\/p>\n<p>&nbsp;<\/p>\n<p>&nbsp;<\/p>\n<p>&nbsp;<\/p>\n<p>&nbsp;<\/p>\n<p>&nbsp;<\/p>\n<p>&nbsp;<\/p>\n<p>&nbsp;<\/p>\n<p>&nbsp;<\/p>\n<p>&nbsp;<\/p>\n<p>\u00a92021, boje Verlag, ISBN \u00a0978-3414826183<\/p>\n<p>www.boje-verlag.de<\/p>\n<p>Der mittlerweile neunte Petronella Apfelmus-Band erf\u00fcllt alle Petronella-Apfelmus-Fan-W\u00fcnsche. Eine fantasievolle Geschichte mit Happy End!<\/p>\n<p><strong>1.Oktober 2021 &#8222;Bertie Pom und das gro\u00dfe Donnerwetter&#8220; von Daniela Drescher<\/strong><br \/>\nLesealter: ab 3 Jahre<br \/>\n<img loading=\"lazy\" class=\"alignleft size-full wp-image-1959\" src=\"http:\/\/kinderbuch.blog\/wp-content\/uploads\/2021\/11\/Bertie-Pom-und-das-gro\u00dfe-Donnerwetter.jpg\" alt=\"\" width=\"200\" height=\"221\" \/><\/p>\n<p>&nbsp;<\/p>\n<p>&nbsp;<\/p>\n<p>&nbsp;<\/p>\n<p>&nbsp;<\/p>\n<p>&nbsp;<\/p>\n<p>&nbsp;<\/p>\n<p>&nbsp;<\/p>\n<p>&nbsp;<\/p>\n<p>\u00a92021, Urachhaus Verlag, ISBN\u00a0978-3825152840<br \/>\nwww.urachhaus.com<\/p>\n<p><strong>\u00a0<\/strong>Eine nette Geschichte mit sch\u00f6nen Illustrationen, in der Wichtel Bertie Pom w\u00e4hrend eines Gewitters s\u00e4mtlichen heimischen Tieren und V\u00f6geln in seinem gem\u00fctlichen Wichtelhaus am Fu\u00dfe des Apfelbaums Obdach bietet. Meiner Meinung nach f\u00fcr Kinder ab 4 Jahren, eher 5 Jahren zum Vorlesen geeignet.<\/p>\n<p>&nbsp;<\/p>\n<p><strong>8. Oktober 2021 &#8222;Drachenreiter- der Fluch der Aurelia&#8220; von Cornelia Funke<\/strong><br \/>\nLesealter: ab 10 Jahre<br \/>\n<img loading=\"lazy\" class=\"alignleft size-full wp-image-1960\" src=\"http:\/\/kinderbuch.blog\/wp-content\/uploads\/2021\/11\/Drachenreiter-der-Fluch-der-Aurelia.jpg\" alt=\"\" width=\"192\" height=\"266\" \/><\/p>\n<p>&nbsp;<\/p>\n<p>&nbsp;<\/p>\n<p>&nbsp;<\/p>\n<p>&nbsp;<\/p>\n<p>&nbsp;<\/p>\n<p>&nbsp;<\/p>\n<p>&nbsp;<\/p>\n<p>&nbsp;<\/p>\n<p>&nbsp;<\/p>\n<p>\u00a9 2021, Dressler Verlag, ISBN 978-3751300261<br \/>\nwww.dressler-verlag.de<\/p>\n<p>Leider wurde der dritte Band der Drachenreiter-Serie aus dem Englischen ins Deutsche \u00fcbersetzt. Dadurch fehlt ihm etwas der Cornelia Funke-Glanz. Dennoch ein empfehlenswertes und unterhaltsames Kinder- und Jugendbuch!<\/p>\n<p><strong><br \/>\n14. Oktober 2021 &#8222;Coraline- Schmuckausgabe&#8220; von Neil Gaiman\/Aur\u00e9lie Neyret<\/strong><br \/>\nLesealter: ab 10 Jahre<br \/>\n<img loading=\"lazy\" class=\"alignleft size-full wp-image-1963\" src=\"http:\/\/kinderbuch.blog\/wp-content\/uploads\/2021\/11\/Coraline-Schmuckband.jpg\" alt=\"\" width=\"184\" height=\"266\" \/><\/p>\n<p>&nbsp;<\/p>\n<p>&nbsp;<\/p>\n<p>&nbsp;<\/p>\n<p>&nbsp;<\/p>\n<p>&nbsp;<\/p>\n<p>&nbsp;<\/p>\n<p>&nbsp;<\/p>\n<p>&nbsp;<\/p>\n<p>&nbsp;<\/p>\n<p>\u00a92021, Arena Verlag, ISBN 978-3401606460<br \/>\nwww.arena-verlag.de<\/p>\n<p>Der gruselige Jugendbuchbuchklassiker erschien p\u00fcnktlich zu Halloween in einer Schmuckausgabe. Ich pers\u00f6nlich w\u00fcrde das Buch f\u00fcr Jugendliche ab 12 Jahren empfehlen.<br \/>\nEinige Bilder der franz\u00f6sischen Illustratorin Aur\u00e9lie Neyret \u00fcberzeugen mich voll und ganz. F\u00fcr meinen Geschmack h\u00e4tten es ruhig acht weitere gro\u00dfformatige Bilder sein, um den sch\u00f6nen und wertigen Eindruck der Schmuckausgabe abzurunden.<\/p>\n","protected":false},"excerpt":{"rendered":"<p>Wer ein sch\u00f6nes, aktuelles Kinderbuch als Weihnachtsgeschenk sucht, wird eventuell in meiner Liste der Neuerscheinungshighlights des letzten Jahres f\u00fcndig. Da der Platz in unserem B\u00fccherregal leider begrenzt ist, pr\u00fcfe ich jeden Anw\u00e4rter auf einen Regalplatz auf Herz und Nieren. Dabei lasse ich mich in Buchhandlungen, von den Verlagsprogrammen online oder in ausliegenden Prospekten inspirieren und brauche dann meist nochmal die [&#8230;]<\/p>\n","protected":false},"author":1,"featured_media":1964,"comment_status":"open","ping_status":"open","sticky":false,"template":"","format":"standard","meta":[],"categories":[33],"tags":[],"_links":{"self":[{"href":"https:\/\/kinderbuch.blog\/index.php?rest_route=\/wp\/v2\/posts\/1948"}],"collection":[{"href":"https:\/\/kinderbuch.blog\/index.php?rest_route=\/wp\/v2\/posts"}],"about":[{"href":"https:\/\/kinderbuch.blog\/index.php?rest_route=\/wp\/v2\/types\/post"}],"author":[{"embeddable":true,"href":"https:\/\/kinderbuch.blog\/index.php?rest_route=\/wp\/v2\/users\/1"}],"replies":[{"embeddable":true,"href":"https:\/\/kinderbuch.blog\/index.php?rest_route=%2Fwp%2Fv2%2Fcomments&post=1948"}],"version-history":[{"count":9,"href":"https:\/\/kinderbuch.blog\/index.php?rest_route=\/wp\/v2\/posts\/1948\/revisions"}],"predecessor-version":[{"id":1976,"href":"https:\/\/kinderbuch.blog\/index.php?rest_route=\/wp\/v2\/posts\/1948\/revisions\/1976"}],"wp:featuredmedia":[{"embeddable":true,"href":"https:\/\/kinderbuch.blog\/index.php?rest_route=\/wp\/v2\/media\/1964"}],"wp:attachment":[{"href":"https:\/\/kinderbuch.blog\/index.php?rest_route=%2Fwp%2Fv2%2Fmedia&parent=1948"}],"wp:term":[{"taxonomy":"category","embeddable":true,"href":"https:\/\/kinderbuch.blog\/index.php?rest_route=%2Fwp%2Fv2%2Fcategories&post=1948"},{"taxonomy":"post_tag","embeddable":true,"href":"https:\/\/kinderbuch.blog\/index.php?rest_route=%2Fwp%2Fv2%2Ftags&post=1948"}],"curies":[{"name":"wp","href":"https:\/\/api.w.org\/{rel}","templated":true}]}}