{"id":1710,"date":"2020-04-30T15:34:03","date_gmt":"2020-04-30T15:34:03","guid":{"rendered":"http:\/\/kinderbuch.blog\/?p=1710"},"modified":"2020-05-01T08:36:25","modified_gmt":"2020-05-01T08:36:25","slug":"heute-ein-hoerspiel-warzenbuckels-fabelwesen","status":"publish","type":"post","link":"https:\/\/kinderbuch.blog\/?p=1710","title":{"rendered":"Heute ein H\u00f6rspiel: Warzenbuckels Fabelwesen"},"content":{"rendered":"<p>In Zeiten der sozialen Distanz haben mich privat und \u00fcber meinen Blog einige Angebote f\u00fcr Kinder erreicht. Meist habe ich sie mir kurz angesehen, angesichts des sch\u00f6nen Wetters allerdings zur Durchf\u00fchrung mit meinen drei Kindern verworfen.<\/p>\n<p>Das folgende kostenlose H\u00f6rspiel hat uns am Osterwochenende allerdings auf der Terrasse sch\u00f6ne rund 130 Minuten bereitet, daher m\u00f6chte ich es vorstellen und gerne auch weiterempfehlen.<\/p>\n<p>Autor der Erz\u00e4hlung \u201eWarzenbuckels Fabelwesen\u201c \u00a0ist Christoph F. Minnameier, der das Projekt mit Sprecherin Tinka Kleffner in die Tat umgesetzt und ansprechend zur Verf\u00fcgung gestellt hat.<\/p>\n<p>Das H\u00f6rspiel \u201eWarzenbuckels Fabelwesen\u201c \u00a0kann kostenlos unter <a href=\"http:\/\/www.warzenbuckels-fabelwesen.de\">www.warzenbuckels-fabelwesen.de<\/a> \u00a0in 14 Kapiteln -ohne Werbung oder andere St\u00f6rfaktoren- angeh\u00f6rt werden.<\/p>\n<p><img loading=\"lazy\" class=\"alignleft size-medium wp-image-1711\" src=\"http:\/\/kinderbuch.blog\/wp-content\/uploads\/2020\/04\/warzenbuckels-fabelwesen-300x300.jpg\" alt=\"\" width=\"300\" height=\"300\" srcset=\"https:\/\/kinderbuch.blog\/wp-content\/uploads\/2020\/04\/warzenbuckels-fabelwesen-300x300.jpg 300w, https:\/\/kinderbuch.blog\/wp-content\/uploads\/2020\/04\/warzenbuckels-fabelwesen-150x150.jpg 150w, https:\/\/kinderbuch.blog\/wp-content\/uploads\/2020\/04\/warzenbuckels-fabelwesen-768x768.jpg 768w, https:\/\/kinderbuch.blog\/wp-content\/uploads\/2020\/04\/warzenbuckels-fabelwesen-1024x1024.jpg 1024w, https:\/\/kinderbuch.blog\/wp-content\/uploads\/2020\/04\/warzenbuckels-fabelwesen-90x90.jpg 90w, https:\/\/kinderbuch.blog\/wp-content\/uploads\/2020\/04\/warzenbuckels-fabelwesen-75x75.jpg 75w, https:\/\/kinderbuch.blog\/wp-content\/uploads\/2020\/04\/warzenbuckels-fabelwesen.jpg 2000w\" sizes=\"(max-width: 300px) 100vw, 300px\" \/><\/p>\n<p>&nbsp;<\/p>\n<p>&nbsp;<\/p>\n<p>&nbsp;<\/p>\n<p>&nbsp;<\/p>\n<p>&nbsp;<\/p>\n<p>&nbsp;<\/p>\n<p>&nbsp;<\/p>\n<p>&nbsp;<\/p>\n<p>&nbsp;<\/p>\n<p>&nbsp;<\/p>\n<p>\u00a92020, max bachmeier<\/p>\n<p>www.warzenbuckels-fabelwesen.de<\/p>\n<p><strong>Und davon handelt das H\u00f6rspiel:<\/strong><\/p>\n<p>Die Silberelfe Lua hilft allen Tieren des Waldes in Not und so eilt sie ohne zu z\u00f6gern einem kleinen Vogel zur Hilfe, der in einem goldenen K\u00e4fig gefangen zu sein scheint. Durch einen Trick wird sie selbst in der Falle der Hexe Malicia Warzenbuckel gefangen und soll nun f\u00fcr den Verkauf dressiert werden.<\/p>\n<p>Auch der Gnom Fobu ist ein Gefangener der Hexe Malicia und erkl\u00e4rt sich bereit Lua, nach einem gescheiterten Fluchtversuch, zu helfen dem Hexenhaus zu entkommen. Doch das gestaltet sich nicht so einfach, denn die Hexe hat einige Zauber als Ausbruchschutz vorbereitet\u2026<\/p>\n<p>Da platzt der gierige Pachteintreiber, der Zauberer Zinstreiber, in die H\u00fctte und nun ger\u00e4t Malicia in ganz gef\u00e4hrliche N\u00f6te und kann zum Gl\u00fcck auf die ungebrochene Gutherzigkeit von Lua hoffen. Dank Lua\u2019s beherztem Eingreifen, findet die Erz\u00e4hlung f\u00fcr den Gnom Fobu, die Silberelfe Lua und die Hexe ein gutes Ende und eine Freundschaft entsteht.<\/p>\n<p><strong>Meine Meinung:<\/strong><\/p>\n<p>In sch\u00f6ner Sprache mit den wechselnden Perspektiven der beiden Protagonistinnen Lua und Malicia und in lebendigen Szenen entwickelt sich ein spannendes und unterhaltsames H\u00f6rspiel, das meine T\u00f6chter\u00a0 und mich von Anfang an gefangen genommen hat und immer wieder begeistert. Ich w\u00fcrde es bereits ab 5 Jahren empfehlen!<\/p>\n<p>In Buchform kann ich mir das Werk mit seiner stimmungsvollen Wald- und Hexenhaus-Szenerie auch gut vorstellen und finde diesbez\u00fcglich die Illustration von Max Bachmeier \u00a0wirklich gelungen und vielversprechend.<\/p>\n","protected":false},"excerpt":{"rendered":"<p>In Zeiten der sozialen Distanz haben mich privat und \u00fcber meinen Blog einige Angebote f\u00fcr Kinder erreicht. Meist habe ich sie mir kurz angesehen, angesichts des sch\u00f6nen Wetters allerdings zur Durchf\u00fchrung mit meinen drei Kindern verworfen. Das folgende kostenlose H\u00f6rspiel hat uns am Osterwochenende allerdings auf der Terrasse sch\u00f6ne rund 130 Minuten bereitet, daher m\u00f6chte ich es vorstellen und gerne [&#8230;]<\/p>\n","protected":false},"author":1,"featured_media":1711,"comment_status":"open","ping_status":"open","sticky":false,"template":"","format":"standard","meta":[],"categories":[33],"tags":[],"_links":{"self":[{"href":"https:\/\/kinderbuch.blog\/index.php?rest_route=\/wp\/v2\/posts\/1710"}],"collection":[{"href":"https:\/\/kinderbuch.blog\/index.php?rest_route=\/wp\/v2\/posts"}],"about":[{"href":"https:\/\/kinderbuch.blog\/index.php?rest_route=\/wp\/v2\/types\/post"}],"author":[{"embeddable":true,"href":"https:\/\/kinderbuch.blog\/index.php?rest_route=\/wp\/v2\/users\/1"}],"replies":[{"embeddable":true,"href":"https:\/\/kinderbuch.blog\/index.php?rest_route=%2Fwp%2Fv2%2Fcomments&post=1710"}],"version-history":[{"count":5,"href":"https:\/\/kinderbuch.blog\/index.php?rest_route=\/wp\/v2\/posts\/1710\/revisions"}],"predecessor-version":[{"id":1716,"href":"https:\/\/kinderbuch.blog\/index.php?rest_route=\/wp\/v2\/posts\/1710\/revisions\/1716"}],"wp:featuredmedia":[{"embeddable":true,"href":"https:\/\/kinderbuch.blog\/index.php?rest_route=\/wp\/v2\/media\/1711"}],"wp:attachment":[{"href":"https:\/\/kinderbuch.blog\/index.php?rest_route=%2Fwp%2Fv2%2Fmedia&parent=1710"}],"wp:term":[{"taxonomy":"category","embeddable":true,"href":"https:\/\/kinderbuch.blog\/index.php?rest_route=%2Fwp%2Fv2%2Fcategories&post=1710"},{"taxonomy":"post_tag","embeddable":true,"href":"https:\/\/kinderbuch.blog\/index.php?rest_route=%2Fwp%2Fv2%2Ftags&post=1710"}],"curies":[{"name":"wp","href":"https:\/\/api.w.org\/{rel}","templated":true}]}}