{"id":1643,"date":"2020-02-09T13:04:57","date_gmt":"2020-02-09T13:04:57","guid":{"rendered":"http:\/\/kinderbuch.blog\/?p=1643"},"modified":"2020-02-23T11:22:25","modified_gmt":"2020-02-23T11:22:25","slug":"mit-dem-regenrinnenwicht-giesbert-durchs-jahr","status":"publish","type":"post","link":"https:\/\/kinderbuch.blog\/?p=1643","title":{"rendered":"Mit dem Regenrinnenwicht Giesbert durchs Jahr"},"content":{"rendered":"<p>Bei einem Besuch des Spielzeuggesch\u00e4fts Holzkopp bin ich zum ersten Mal auf die Illustratorin Daniela Drescher aufmerksam geworden.\u00a0 Das Cover des Buches \u201eGiesbert in der Regentonne\u201c hat mich sofort angesprochen. Hier hat Daniela Drescher, deren Werke vom Verlag Urachhaus verlegt werden,\u00a0 ganz meinen Geschmack getroffen! Bei meiner n\u00e4heren Recherche stellte sich heraus, dass die Illustratorin und Autorin bereits eine Vielzahl von Kinder- und Bilderb\u00fcchern hervorgebracht und sich in ihrer Arbeit auch sichtbar weiterentwickelt hat. Ich pers\u00f6nlich finde die Reihe um den Regenrinnenwicht Giesbert besonders erw\u00e4hnenswert.\u00a0 In den Jahren 2018 und 2019 sind folgende B\u00e4nde erschienen:<\/p>\n<p><strong>\u201eGiesbert in der Regentonne\u201c von Daniela Drescher (2018)<\/strong><\/p>\n<p>Lesealter: ab 5 Jahre<\/p>\n<p><img loading=\"lazy\" class=\"alignleft size-medium wp-image-1645\" src=\"http:\/\/kinderbuch.blog\/wp-content\/uploads\/2020\/02\/Giesbert-in-der-Regentonne-215x300.jpg\" alt=\"\" width=\"215\" height=\"300\" srcset=\"https:\/\/kinderbuch.blog\/wp-content\/uploads\/2020\/02\/Giesbert-in-der-Regentonne-215x300.jpg 215w, https:\/\/kinderbuch.blog\/wp-content\/uploads\/2020\/02\/Giesbert-in-der-Regentonne.jpg 357w\" sizes=\"(max-width: 215px) 100vw, 215px\" \/><\/p>\n<p>&nbsp;<\/p>\n<p>&nbsp;<\/p>\n<p>&nbsp;<\/p>\n<p>&nbsp;<\/p>\n<p>&nbsp;<\/p>\n<p>&nbsp;<\/p>\n<p>&nbsp;<\/p>\n<p>&nbsp;<\/p>\n<p>&nbsp;<\/p>\n<p>&nbsp;<\/p>\n<p>\u00a92018, Verlag Freies Geistesleben &amp; Urachhaus GmbH, ISBN9783825179885<\/p>\n<p><a href=\"http:\/\/www.urachhaus.com\">www.urachhaus.com<\/a><\/p>\n<p>An einem regnerischen Tag zieht der Regentonnenwicht Giesbert in das gro\u00dfe Regenfass der Erz\u00e4hlerin ein. Wie ein Kind entdeckt Giesbert die Fauna und Flora des Gartens und ihre Entwicklung im Gartenjahr. Auch andere Naturgeister haben den Garten der Autorin als Domizil erw\u00e4hlt und so gew\u00e4hrt Daniela Drescher den Kindern in kleinen Erz\u00e4hlungen, aber auch in wundersch\u00f6nen Bildern, Einblick in eine freundliche, m\u00e4rchenhafte Gartenwelt.<\/p>\n<p><strong>\u201eGiesbert h\u00f6rt das Gras wachsen\u201c von Daniela Drescher (2019)<\/strong><\/p>\n<p>Lesealter: ab 5 Jahre<\/p>\n<p><img loading=\"lazy\" class=\"alignleft size-full wp-image-1636\" src=\"http:\/\/kinderbuch.blog\/wp-content\/uploads\/2020\/02\/Giesbert-h\u00f6rt-das-Gras-wachsen.png\" alt=\"\" width=\"190\" height=\"266\" \/><\/p>\n<p>&nbsp;<\/p>\n<p>&nbsp;<\/p>\n<p>&nbsp;<\/p>\n<p>&nbsp;<\/p>\n<p>&nbsp;<\/p>\n<p>&nbsp;<\/p>\n<p>&nbsp;<\/p>\n<p>&nbsp;<\/p>\n<p>&nbsp;<\/p>\n<p>\u00a92019, Verlag Freies Geistesleben &amp; Urachhaus GmbH, ISBN978-3825151744<\/p>\n<p><a href=\"http:\/\/www.urachhaus.com\">www.urachhaus.com<\/a><\/p>\n<p>Der zweite Band \u00fcber den Regenrinnenwicht Giesbert spielt im Winter. Giesbert ist nun in die Badewanne der Autorin gezogen. Dies h\u00e4lt ihn allerdings nicht davon ab, t\u00e4glich im Garten nach seinen Freunden zu sehen und nat\u00fcrlich gibt es auch wieder \u00fcberraschende Besucher und viel Neues zu entdecken und auch zu lernen.<\/p>\n<p><strong>Meine Meinung:<\/strong><\/p>\n<p>Die beiden B\u00fccher mit ihren allt\u00e4glichen Anekdoten \u00fcber den kleinen Regentonnenwicht haben einen liebenswerten Charme und sind sch\u00f6ne Vorleseb\u00fccher, um unaufgeregt und in heimeliger Gartenatmosph\u00e4re den Tag ausklingen zu lassen. Besonders sch\u00f6n finde ich wie die Autorin den Leser beziehungsweise Zuh\u00f6rer direkt anspricht und so eine Vertrautheit und Wahrhaftigkeit der Erz\u00e4hlung herstellt.<\/p>\n<p>&nbsp;<\/p>\n<p>Ein weiteres Buch Drescher\u2019s m\u00f6chte ich an dieser Stelle noch erw\u00e4hnen, das mir 2019 \u00fcber den Weg gelaufen ist:<\/p>\n<p><strong>\u201eDie Wichtelreise\u201c von Denys Watkins-Pitchford\/Daniela Drescher (1942)<\/strong><\/p>\n<p>Lesealter: ab 5 Jahre<\/p>\n<p><img loading=\"lazy\" class=\"alignleft size-medium wp-image-1644\" src=\"http:\/\/kinderbuch.blog\/wp-content\/uploads\/2020\/02\/Die-Wichtelreise-223x300.jpg\" alt=\"\" width=\"223\" height=\"300\" srcset=\"https:\/\/kinderbuch.blog\/wp-content\/uploads\/2020\/02\/Die-Wichtelreise-223x300.jpg 223w, https:\/\/kinderbuch.blog\/wp-content\/uploads\/2020\/02\/Die-Wichtelreise.jpg 371w\" sizes=\"(max-width: 223px) 100vw, 223px\" \/><\/p>\n<p>&nbsp;<\/p>\n<p>&nbsp;<\/p>\n<p>&nbsp;<\/p>\n<p>&nbsp;<\/p>\n<p>&nbsp;<\/p>\n<p>&nbsp;<\/p>\n<p>&nbsp;<\/p>\n<p>&nbsp;<\/p>\n<p>&nbsp;<\/p>\n<p>&nbsp;<\/p>\n<p>\u00a92018, Verlag Freies Geistesleben &amp; Urachhaus GmbH, ISBN 978-3825179045<\/p>\n<p>www.urachhaus.com<\/p>\n<p>Autor des englischen Kinderklassikers\u00a0 \u201eDie Wichtelreise\u201c aus dem Jahr 1942 ist der Kunstlehrer Denys Watkins-Pitchford. Dem Buch merkt man die Ehrfurcht und Kenntnisse des Autors von der Natur an. Fantasievoll\u00a0 werden diese Schilderungen mit Berichten \u00fcber die Eigenarten des \u201ekleinen Volks\u201c gespickt.<\/p>\n<p><strong>Darum geht es:<\/strong><\/p>\n<p>In der Wurzelh\u00f6hle einer Eiche am sandigen Ufer eines Baches leben die drei Wichtel Zirbel, Nie\u00dferich und Schlucker. Sie f\u00fchren ein ruhiges, friedliches Leben, doch eine Sorge treibt besonders Schlucker um: Was ist aus ihrem Bruder Wolkennase geworden, der sich vor langer Zeit auf den Weg flussaufw\u00e4rts zur Silbernen Quelle gemacht hat? Eines Tages packt Schlucker und Nie\u00dferich\u00a0 die Abenteuerlust und sie machen sich in einem selbstgebauten Boot auf die Suche nach dem verlorenen Bruder. Nur der alte Zirbel mit seinem Holzbein bleibt schmollend zur\u00fcck. Doch zum Gl\u00fcck macht sich kurze Zeit sp\u00e4ter Zirbel noch auf den Weg und kann seine Br\u00fcder bei der gefahrenvollen und abenteuerlichen Reise unterst\u00fctzen. Leider endet die Suche ohne Ergebnis und so kehren die drei Br\u00fcder gedr\u00fcckt, aber motorisiert in einem Spielzeugboot den langen Weg zu ihrer Eichenh\u00f6hle zur\u00fcck. Und dort finden sie dann endlich den lang verschollenen Wolkennase, der nur mit den Wildg\u00e4nsen fortgezogen war .<\/p>\n<p><strong>\u00a0<\/strong><\/p>\n<p><strong>Meine Meinung:<\/strong><\/p>\n<p>Denys Watkins-Pitchfords Sprache und Lokalkolorit gefallen mir sehr. Auch sind viele Episoden der Reiseerz\u00e4hlung \u00a0fantasievoll und ansprechend. Allerdings hat die Geschichte in ihrem Spannungsbogen\u00a0 und -aufbau einige Schwachstellen und wirkt nicht ganz abgerundet. Wenn man die Erz\u00e4hlung allerdings St\u00fcck f\u00fcr St\u00fcck als Vorlesegeschichte betrachtet und der Weg\u00a0 der Wichtelreise quasi auch das Ziel ist, ist es eine unterhaltsame Abenteuererz\u00e4hlung.<\/p>\n<p>Die teilweise doppelseitigen Illustrationen von Daniela Drescher werten das Buch ungemein auf und runden es ab. Ich w\u00fcrde es allerdings \u00a0nicht zum Vorlesen oder Selberlesen unter 8 Jahren empfehlen.<\/p>\n","protected":false},"excerpt":{"rendered":"<p>Bei einem Besuch des Spielzeuggesch\u00e4fts Holzkopp bin ich zum ersten Mal auf die Illustratorin Daniela Drescher aufmerksam geworden.\u00a0 Das Cover des Buches \u201eGiesbert in der Regentonne\u201c hat mich sofort angesprochen. Hier hat Daniela Drescher, deren Werke vom Verlag Urachhaus verlegt werden,\u00a0 ganz meinen Geschmack getroffen! Bei meiner n\u00e4heren Recherche stellte sich heraus, dass die Illustratorin und Autorin bereits eine Vielzahl [&#8230;]<\/p>\n","protected":false},"author":1,"featured_media":1636,"comment_status":"open","ping_status":"open","sticky":false,"template":"","format":"standard","meta":[],"categories":[44,33],"tags":[],"_links":{"self":[{"href":"https:\/\/kinderbuch.blog\/index.php?rest_route=\/wp\/v2\/posts\/1643"}],"collection":[{"href":"https:\/\/kinderbuch.blog\/index.php?rest_route=\/wp\/v2\/posts"}],"about":[{"href":"https:\/\/kinderbuch.blog\/index.php?rest_route=\/wp\/v2\/types\/post"}],"author":[{"embeddable":true,"href":"https:\/\/kinderbuch.blog\/index.php?rest_route=\/wp\/v2\/users\/1"}],"replies":[{"embeddable":true,"href":"https:\/\/kinderbuch.blog\/index.php?rest_route=%2Fwp%2Fv2%2Fcomments&post=1643"}],"version-history":[{"count":3,"href":"https:\/\/kinderbuch.blog\/index.php?rest_route=\/wp\/v2\/posts\/1643\/revisions"}],"predecessor-version":[{"id":1691,"href":"https:\/\/kinderbuch.blog\/index.php?rest_route=\/wp\/v2\/posts\/1643\/revisions\/1691"}],"wp:featuredmedia":[{"embeddable":true,"href":"https:\/\/kinderbuch.blog\/index.php?rest_route=\/wp\/v2\/media\/1636"}],"wp:attachment":[{"href":"https:\/\/kinderbuch.blog\/index.php?rest_route=%2Fwp%2Fv2%2Fmedia&parent=1643"}],"wp:term":[{"taxonomy":"category","embeddable":true,"href":"https:\/\/kinderbuch.blog\/index.php?rest_route=%2Fwp%2Fv2%2Fcategories&post=1643"},{"taxonomy":"post_tag","embeddable":true,"href":"https:\/\/kinderbuch.blog\/index.php?rest_route=%2Fwp%2Fv2%2Ftags&post=1643"}],"curies":[{"name":"wp","href":"https:\/\/api.w.org\/{rel}","templated":true}]}}