{"id":1574,"date":"2018-12-27T09:10:29","date_gmt":"2018-12-27T09:10:29","guid":{"rendered":"http:\/\/kinderbuch.blog\/?p=1574"},"modified":"2020-06-19T07:35:19","modified_gmt":"2020-06-19T07:35:19","slug":"tove-jansson-wundersame-reisen-ins-mumintal","status":"publish","type":"post","link":"https:\/\/kinderbuch.blog\/?p=1574","title":{"rendered":"Tove Jansson &#8211; Wundersame Reisen ins Mumintal"},"content":{"rendered":"<p>Wie soll man die Mumins und ihr Mumintal erkl\u00e4ren? Man muss es selbst besuchen! Tove Jansson hat viele Geschichten \u00fcber die liebensw\u00fcrdige Trollfamilie geschrieben und die Welt der Mumins in besonderen, ausdrucksstarken Bildern gezeichnet und gemalt.<\/p>\n<p>Zwischen 1945 und 1980 erschienen zw\u00f6lf B\u00e4nde der K\u00fcnstlerin, deren Werke bis heute Finnland als Heimat der Trolle ber\u00fchmt machen.<\/p>\n<p>Bei Interpretationen ihrer Werke werden autobiografische Komponenten und die historische Einordnung in der Kriegs- und Nachkriegszeit der Muminb\u00fccher hervorgehoben. Doch auch ohne dieses Hintergrundwissen wird dem Leser schnell deutlich, dass Jansson menschliche Archetypen beschreibt und miteinander agieren l\u00e4sst. Dabei findet keine Wertung oder Einordnung statt. Das Leben und die Gef\u00fchle der Handelnden angesichts der Realit\u00e4t werden pur dargestellt.\u00a0 Da dies noch in poetischer Form geschieht, wirken viele S\u00e4tze ihrer Romane wie philosophische Lebensweisheiten.<\/p>\n<p>Der Duden <span style=\"color: #000000;\">benennt zum Begriff \u201ePoesie\u201c folgende Synonyme: <a style=\"color: #000000;\" href=\"https:\/\/www.duden.de\/rechtschreibung\/Magie\">Magie<\/a>, magische Wirkung, poetische Stimmung, <a style=\"color: #000000;\" href=\"https:\/\/www.duden.de\/rechtschreibung\/Verzauberung\">Verzauberung<\/a>, <a style=\"color: #000000;\" href=\"https:\/\/www.duden.de\/rechtschreibung\/Zauber\">Zauber<\/a> (siehe\u00a0<a style=\"color: #000000;\" href=\"http:\/\/www.duden.de\/rechtschreibung\/Poesie\">www.duden.de\/rechtschreibung\/Poesie<\/a>). Und ich finde, Tove Jansson hatte die Gabe, ihre Erz\u00e4hlungen mithilfe von Poesie zu verza<\/span>ubern und ihnen eine besondere Tiefe zu geben. Auch die Bilder der K\u00fcnstlerin geben diesen Blick auf eine Welt, die einem besonderen Zauber unterliegt, wieder. So spielt beispielsweise in ihrem Roman \u201eWinter im Mumintal\u201c der magische Gegensatz von Licht und Dunkelheit eine Rolle. Aber auch die Figuren erhalten in ihrer\u00a0 grafischen Darstellung eine besondere charakterliche Schraffur.<\/p>\n<p>&nbsp;<\/p>\n<p>Folgende Zeichnung Janssons aus dem Buch \u201cBer\u00fchmte Kinderbuchautorinnen und ihre Hedinnen und Helden\u201d zeigt ein wundersch\u00f6nes Selbstportr\u00e4t der Kinderbuchautorin inmitten ihrer Figuren:<\/p>\n<p><img loading=\"lazy\" class=\"alignleft size-medium wp-image-1576\" src=\"http:\/\/kinderbuch.blog\/wp-content\/uploads\/2018\/12\/Tove-Jansson-225x300.jpg\" alt=\"\" width=\"225\" height=\"300\" srcset=\"https:\/\/kinderbuch.blog\/wp-content\/uploads\/2018\/12\/Tove-Jansson-225x300.jpg 225w, https:\/\/kinderbuch.blog\/wp-content\/uploads\/2018\/12\/Tove-Jansson-768x1024.jpg 768w, https:\/\/kinderbuch.blog\/wp-content\/uploads\/2018\/12\/Tove-Jansson.jpg 810w\" sizes=\"(max-width: 225px) 100vw, 225px\" \/><\/p>\n<p>&nbsp;<\/p>\n<p>&nbsp;<\/p>\n<p>&nbsp;<\/p>\n<p>&nbsp;<\/p>\n<p>&nbsp;<\/p>\n<p>&nbsp;<\/p>\n<p>&nbsp;<\/p>\n<p>&nbsp;<\/p>\n<p>&nbsp;<\/p>\n<p>&nbsp;<\/p>\n<p>\u00a9Luise Berg-Ehlers: Ber\u00fchmte Kinderbuchautorinnen, Elisabeth Sandmann Verlag GmbH, M\u00fcnchen, 2017, S.146<\/p>\n<p><a href=\"http:\/\/www.esverlag.de\">www.esverlag.de<\/a><\/p>\n<p>Wie eine Mutter h\u00e4lt Tove Jansson \u00a0ihre Hauptfigur den kleinen Troll Mumin im Arm. Die kleine M\u00fc sitzt \u00a0frech auf ihrer Schulter und so gruppiert sich wie in einer Familienaufstellung ein Teil der Mumintalbewohner um die leicht l\u00e4chelnde Tove Jansson.<\/p>\n<p>Hier eine Bearbeitung des Bildes, um die einzelnen Figuren vorzustellen:<\/p>\n<p><img loading=\"lazy\" class=\"alignleft size-medium wp-image-1575\" src=\"http:\/\/kinderbuch.blog\/wp-content\/uploads\/2018\/12\/Tove-Jansson-Figuren-248x300.jpg\" alt=\"\" width=\"248\" height=\"300\" srcset=\"https:\/\/kinderbuch.blog\/wp-content\/uploads\/2018\/12\/Tove-Jansson-Figuren-248x300.jpg 248w, https:\/\/kinderbuch.blog\/wp-content\/uploads\/2018\/12\/Tove-Jansson-Figuren-768x929.jpg 768w, https:\/\/kinderbuch.blog\/wp-content\/uploads\/2018\/12\/Tove-Jansson-Figuren-846x1024.jpg 846w, https:\/\/kinderbuch.blog\/wp-content\/uploads\/2018\/12\/Tove-Jansson-Figuren.jpg 1080w\" sizes=\"(max-width: 248px) 100vw, 248px\" \/><\/p>\n<p>&nbsp;<\/p>\n<p>&nbsp;<\/p>\n<p>&nbsp;<\/p>\n<p>&nbsp;<\/p>\n<p>&nbsp;<\/p>\n<p>&nbsp;<\/p>\n<p>&nbsp;<\/p>\n<p>&nbsp;<\/p>\n<p>&nbsp;<\/p>\n<p>&nbsp;<\/p>\n<p>\u00a9Luise Berg-Ehlers: Ber\u00fchmte Kinderbuchautorinnen, Elisabeth Sandmann Verlag GmbH, M\u00fcnchen, 2017, S.146<\/p>\n<p>&nbsp;<\/p>\n<p>&nbsp;<\/p>\n<p>Hier nun eine Pr\u00e4sentation der Hauptwerke der Autorin und Illustratorin:<\/p>\n<p><strong>\u201cMumins lange Reise\u201d von Tove Jansson (1945)<\/strong><\/p>\n<p>Lesealter: 8-10 Jahre<\/p>\n<p><img loading=\"lazy\" class=\"alignleft size-medium wp-image-1577\" src=\"http:\/\/kinderbuch.blog\/wp-content\/uploads\/2018\/12\/Mumins-lange-Reise-226x300.jpg\" alt=\"\" width=\"226\" height=\"300\" srcset=\"https:\/\/kinderbuch.blog\/wp-content\/uploads\/2018\/12\/Mumins-lange-Reise-226x300.jpg 226w, https:\/\/kinderbuch.blog\/wp-content\/uploads\/2018\/12\/Mumins-lange-Reise.jpg 376w\" sizes=\"(max-width: 226px) 100vw, 226px\" \/><\/p>\n<p>&nbsp;<\/p>\n<p>&nbsp;<\/p>\n<p>&nbsp;<\/p>\n<p>&nbsp;<\/p>\n<p>&nbsp;<\/p>\n<p>&nbsp;<\/p>\n<p>&nbsp;<\/p>\n<p>&nbsp;<\/p>\n<p>&nbsp;<\/p>\n<p>&nbsp;<\/p>\n<p>&nbsp;<\/p>\n<p>\u00a92017, Arena Verlag, ISBN978-3401602813<\/p>\n<p><a href=\"http:\/\/www.arena-verlag.de\">www.arena-verlag.de<\/a><\/p>\n<p>In der Sekund\u00e4rliteratur wird oft der historische Bezug des Romans zu den Fl\u00fcchtlingsbewegungen zum \u00a0Ende des 2. Weltkriegs genannt. F\u00fcr mich ist einfach eine sommerliche Wandergeschichte, die ein gl\u00fcckliches Ende findet.<\/p>\n<p>Aber der Reihe nach:<\/p>\n<p>Es ist August und mitten im tiefsten Urwald sind der kleine Troll Mumin und seine Mutter unterwegs. Sie suchen einen Platz f\u00fcr ein Haus. Denn dort wollen sie den Winter verbringen. In der Dunkelheit des gef\u00e4hrlichen Waldes treffen sie ein ver\u00e4ngstigtes Tier, das dort mutterseelenallein sitzt. Aufgeschlossen wie die Muminmutter ist, fragt sie, ob das Tier sie auf der Suche begleiten m\u00f6chte. Freudig folgt das kleine Tier Muminmutter und Sohn und dank der Hilfe der Tulpendame Tulippa entkommen sie den den Gefahren eines Moores. Als sie an einer Bergwand Rast einlegen, \u00f6ffnet sich pl\u00f6tzlich oben im Gestein eine T\u00fcr und ein alter Herr mit Zylinder gew\u00e4hrt den Vieren \u00fcber eine Strickleiter Einlass in seine Welt im Berg. \u00dcber eine Rolltreppe gelangen sie in eine Art Schlaraffenland, in dem an B\u00e4umen feinste Pralinen und Bonbons wachsen. Auch ein Fluss aus gr\u00fcner Limonade ergie\u00dft sich durch diese zauberhafte Welt, die von einer k\u00fcnstlichen Sonne beleuchtet wird. Auf das Angebot ihnen ein Baumkuchenhaus zu bauen, geht die Muminmutter nicht ein, denn Mumin bekommt vom vielen Naschwerk Bauch- und das kleine Tier Zahnschmerzen. Und weil die Kinder frische Luft und eine ordentliche Mahlzeit brauchen, begleitet der alte Herr sie zu einer Rutschbahn , auf der sie in Achten durch den ganzen Berg fahren und auf der anderen Seite aussteigen. Als die Wanderer ein St\u00fcck weitergehen, gelangen sie an einen Meeresstrand und nach einer aufregenden Fahrt im Boot der Hatifnatten erreichen sie einen Hafen. Dort empf\u00e4ngt sie in seinem Turm ein Junge, der Tulippa bittet bei ihm zu bleiben. F\u00fcr Mumin und seine Mutter hat er gute Neuigkeiten: Er hat nach einem Wirbelsturm den Muminvater gesehen, der auf dem Weg nach S\u00fcden war. Sofort brechen die Muminmutter, Mumin und das kleine Tier auf, um den verlorenen Muminvater zu suchen. Mithilfe eines Marabuherrn findet Mumin ihn schlie\u00dflich und dieser f\u00fchrt sie zum Muminhaus, das er extra f\u00fcr seine Familie errichtet hat. Aber auch das Haus hat eine Odyssee hinter sich- eine \u00dcberschwemmung hat es in ein Tal getrieben. Die Muminfamilie und das kleine Tier sind sich einig, dass sie sich keinen sch\u00f6neren Ort vorstellen k\u00f6nnen.<\/p>\n<p>&nbsp;<\/p>\n<p><strong>\u201cKomet im Mumintal\u201d von Tove Jansson (1946)<\/strong><\/p>\n<p>Lesealter: 8-10 Jahre<\/p>\n<p><img loading=\"lazy\" class=\"alignleft size-medium wp-image-1578\" src=\"http:\/\/kinderbuch.blog\/wp-content\/uploads\/2018\/12\/Komet-im-Mumintal-227x300.jpg\" alt=\"\" width=\"227\" height=\"300\" srcset=\"https:\/\/kinderbuch.blog\/wp-content\/uploads\/2018\/12\/Komet-im-Mumintal-227x300.jpg 227w, https:\/\/kinderbuch.blog\/wp-content\/uploads\/2018\/12\/Komet-im-Mumintal.jpg 377w\" sizes=\"(max-width: 227px) 100vw, 227px\" \/><\/p>\n<p>&nbsp;<\/p>\n<p>&nbsp;<\/p>\n<p>&nbsp;<\/p>\n<p>&nbsp;<\/p>\n<p>&nbsp;<\/p>\n<p>&nbsp;<\/p>\n<p>&nbsp;<\/p>\n<p>&nbsp;<\/p>\n<p>&nbsp;<\/p>\n<p>&nbsp;<\/p>\n<p>&nbsp;<\/p>\n<p>\u00a92018, Arena Verlag, ISBN978-3401602820<\/p>\n<p><a href=\"http:\/\/www.arena-verlag.de\">www.arena-verlag.de<\/a><\/p>\n<p>Zu diesem Roman soll Tove Jansson durch den Ausbruch des Vulkans Vesuf im Jahr 1944 inspiriert worden sein, den sie 5 Jahre zuvor besucht hatte.<\/p>\n<p>Gleich zu Beginn des Buches macht das kleine Tier Schn\u00fcferl eine fantastische Entdeckung. Es findet in der N\u00e4he des Meeresstrandes eine geheime H\u00f6hle, die der ganzen Muminfamilie und ihren Freunden im Verlauf der Erz\u00e4hlung noch das Leben retten soll.<\/p>\n<p>In den n\u00e4chsten Tagen wird das Mumintal von jeder Menge be\u00e4ngstigender Naturerscheinungen heimgesucht: unnat\u00fcrlicher Regen, der die Landschaft grau f\u00e4rbt. Au\u00dferdem riecht es nach Phosphor. Der Bisam sucht vor diesen Ereignissen im Muminhaus Schutz und berichtet, dass ein Komet auf das Mumintal zurast und der Weltuntergang bevorsteht. Schn\u00fcferl und Mumin beschlie\u00dfen zu einer Sternwarte zu reisen und die genauen Umst\u00e4nde zu erforschen. Auf dieser gef\u00e4hrlichen Wanderung, die sie mit einem Flo\u00dffahrt in die Einsamen Berge f\u00fchrt, treffen sie die Hatifnatten, den Freigeist Schnupferich, einen Schmetterling sammelnden Hemul und das Snork-Geschwisterpaar. Diese schlie\u00dfen sich der Forschungsexpedition an. Beim Erreichen des Observatoriums erf\u00e4hrt die Gruppe von den Observatoriumsprofessoren, dass der Komet in Vier Tagen das Mumintal erreicht. Erschrocken beschlie\u00dfen sie schnell ins Mumintal zur\u00fcckzukehren, um Mumins Familie zu informieren. Aber die R\u00fcckreise gestaltet sich schwierig, denn wieder erschweren Naturereignisse wie das Austrocknen des Meeres das Fortkommen der Wandergruppe. Doch letztendlich treffen sie durch gl\u00fcckliche Umst\u00e4nde doch noch rechtzeitig ein und alle k\u00f6nnen in Schn\u00fcferls H\u00f6hle vor dem Feuer des Kometen Schutz suchen.<\/p>\n<p><strong>\u00a0<\/strong><\/p>\n<p><strong>\u201cDie Mumins Eine drollige Gesellschaft\u201d von Tove Jansson (1948)<\/strong><\/p>\n<p>Lesealter: 8-10 Jahre<\/p>\n<p><img loading=\"lazy\" class=\"alignleft size-medium wp-image-1579\" src=\"http:\/\/kinderbuch.blog\/wp-content\/uploads\/2018\/12\/Die-Mumins.-Eine-drollige-Gesellschaft-227x300.jpg\" alt=\"\" width=\"227\" height=\"300\" srcset=\"https:\/\/kinderbuch.blog\/wp-content\/uploads\/2018\/12\/Die-Mumins.-Eine-drollige-Gesellschaft-227x300.jpg 227w, https:\/\/kinderbuch.blog\/wp-content\/uploads\/2018\/12\/Die-Mumins.-Eine-drollige-Gesellschaft.jpg 377w\" sizes=\"(max-width: 227px) 100vw, 227px\" \/><\/p>\n<p>&nbsp;<\/p>\n<p>&nbsp;<\/p>\n<p>&nbsp;<\/p>\n<p>&nbsp;<\/p>\n<p>&nbsp;<\/p>\n<p>&nbsp;<\/p>\n<p>&nbsp;<\/p>\n<p>&nbsp;<\/p>\n<p>&nbsp;<\/p>\n<p>&nbsp;<\/p>\n<p>&nbsp;<\/p>\n<p>\u00a92016, Arena Verlag, ISBN 978-3401602806<\/p>\n<p><a href=\"http:\/\/www.arena-verlag.de\">www.arena-verlag.de<\/a><\/p>\n<p>Im Buch \u201eDie Mumins. Eine drollige Gesellschaft\u201c f\u00fchrt Jansson neben den Hauptfiguren Mumin, Schnupferich, Muminvater, Muminmutter, Schn\u00fcferle, der kleinen M\u00fc, dem Hemul, dem Bisam, dem Snorkfr\u00e4ulein und ihrem Bruder weitere Figuren der Muminwelt ein: Vifsla und Tofsla stiften, indem sie den roten K\u00f6nigsrubin ins Muminhaus bringen, ordentlich Unruhe. Au\u00dferdem tritt die eiskalte Morra in Erscheinung und zum Schluss kommt auch noch der Zauberer mit seinem Schwarzen Panther vorbei..<\/p>\n<p><strong>\u00a0<\/strong><\/p>\n<p><strong>\u201cMuminvaters wildbewegte Jugend\u201d von Tove Jansson (1950)<\/strong><\/p>\n<p>Lesealter: 8-10 Jahre<\/p>\n<p><img loading=\"lazy\" class=\"alignleft size-medium wp-image-1580\" src=\"http:\/\/kinderbuch.blog\/wp-content\/uploads\/2018\/12\/Muminvaters-wildbewegte-Jugend-201x300.jpg\" alt=\"\" width=\"201\" height=\"300\" srcset=\"https:\/\/kinderbuch.blog\/wp-content\/uploads\/2018\/12\/Muminvaters-wildbewegte-Jugend-201x300.jpg 201w, https:\/\/kinderbuch.blog\/wp-content\/uploads\/2018\/12\/Muminvaters-wildbewegte-Jugend.jpg 334w\" sizes=\"(max-width: 201px) 100vw, 201px\" \/><\/p>\n<p>&nbsp;<\/p>\n<p>&nbsp;<\/p>\n<p>&nbsp;<\/p>\n<p>&nbsp;<\/p>\n<p>&nbsp;<\/p>\n<p>&nbsp;<\/p>\n<p>&nbsp;<\/p>\n<p>&nbsp;<\/p>\n<p>&nbsp;<\/p>\n<p>&nbsp;<\/p>\n<p>&nbsp;<\/p>\n<p>\u00a92016, Arena Verlag, ISBN 978-3401503189<\/p>\n<p><a href=\"http:\/\/www.arena-verlag.de\">www.arena-verlag.de<\/a><\/p>\n<p>Dieses Buch enth\u00e4lt die Memoiren des Muminvaters. Dieser schildert seine Kindheit als Waisenjunge und seine Freundschaft zu dem Erfinder Fredriksson, Schn\u00fcferls Vater Schusseltier und Schnupferichs Vater Jojoks, die mit dem Flussboot \u201eMehrmussick\u201c in ein Abenteuer aufbrechen. Auch die Mutter der Mymla, deren Tochter und die kleine M\u00fc treten im Laufe der Memoiren in Erscheinung.<\/p>\n<p>Auch, wenn die bewusst, schw\u00fclstige Art des Muminvaters auf Dauer etwas erm\u00fcdend ist und sicherlich eher den erwachsenen Leser belustigt, ist die Geschichte der vier abenteuerlichen Freunde so abwechslungsreich und fantasievoll, dass sie mich immer wieder begeistert.<\/p>\n<p><strong>\u201cMumin, wie wird\u2019s weitergehen?\u201d von Tove Jansson (1952)<\/strong><\/p>\n<p>Lesealter: ab 8 Jahre<\/p>\n<p><img loading=\"lazy\" class=\"alignleft size-medium wp-image-1581\" src=\"http:\/\/kinderbuch.blog\/wp-content\/uploads\/2018\/12\/Mumin-wie-wirds-weitergehen-209x300.jpg\" alt=\"\" width=\"209\" height=\"300\" srcset=\"https:\/\/kinderbuch.blog\/wp-content\/uploads\/2018\/12\/Mumin-wie-wirds-weitergehen-209x300.jpg 209w, https:\/\/kinderbuch.blog\/wp-content\/uploads\/2018\/12\/Mumin-wie-wirds-weitergehen.jpg 348w\" sizes=\"(max-width: 209px) 100vw, 209px\" \/><\/p>\n<p>&nbsp;<\/p>\n<p>&nbsp;<\/p>\n<p>&nbsp;<\/p>\n<p>&nbsp;<\/p>\n<p>&nbsp;<\/p>\n<p>&nbsp;<\/p>\n<p>&nbsp;<\/p>\n<p>&nbsp;<\/p>\n<p>&nbsp;<\/p>\n<p>&nbsp;<\/p>\n<p>\u00a92003, Leipziger Kinderbuchverlag GmbH, ISBN 978-3896031563<\/p>\n<p><a href=\"http:\/\/www.leiv-verlag.de\">www.leiv-verlag.de<\/a><\/p>\n<p>Dieses Bilderbuch ist comicartig gezeichnet und gibt einen Einblick in Janssons Karikaturstil und dessen Farbigkeit. Mumin macht sich mit der Milchkanne auf dem Weg nach Hause und trifft im Laufe der Geschichte unterschiedliche Bewohner des Mumintals. Durch Guckl\u00f6cher ist immer schon ein Detail der n\u00e4chsten Buchseite erkennbar und so hastet Mumin von Bild zu Bild. Besonders sch\u00f6n ist, dass auf jeder Doppelseite ein Reim steht, der immer mit \u201cMumin, wie wird\u2019s weitergehen?\u201d endet. Auch wenn die Geschichte mit einem witzigen Ende aufwartet (Die Milch in der Kanne ist mittlerweile sauer geworden und so m\u00fcssen Mumin und seine Freunde zum Schluss Johannisbeersaft trinken), empfinde ich es nicht als klassisches Bilderbuch. Ich bezweifle, dass sich 8j\u00e4hrige Kinder mit dem Buch auseinandersetzen wollen und es als ansprechend und sch\u00f6n empfinden.<\/p>\n<p><strong>\u201cSturm im Mumintal\u201d von Tove Jansson (1954)<\/strong><\/p>\n<p>Lesealter: 8-10 Jahre<\/p>\n<p><img loading=\"lazy\" class=\"alignleft size-medium wp-image-1582\" src=\"http:\/\/kinderbuch.blog\/wp-content\/uploads\/2018\/12\/Sturm-im-Mumintal-225x300.jpg\" alt=\"\" width=\"225\" height=\"300\" srcset=\"https:\/\/kinderbuch.blog\/wp-content\/uploads\/2018\/12\/Sturm-im-Mumintal-225x300.jpg 225w, https:\/\/kinderbuch.blog\/wp-content\/uploads\/2018\/12\/Sturm-im-Mumintal.jpg 375w\" sizes=\"(max-width: 225px) 100vw, 225px\" \/><\/p>\n<p>&nbsp;<\/p>\n<p>&nbsp;<\/p>\n<p>&nbsp;<\/p>\n<p>&nbsp;<\/p>\n<p>&nbsp;<\/p>\n<p>&nbsp;<\/p>\n<p>&nbsp;<\/p>\n<p>&nbsp;<\/p>\n<p>&nbsp;<\/p>\n<p>&nbsp;<\/p>\n<p>&nbsp;<\/p>\n<p>\u00a92018, Arena Verlag, ISBN 978-3401602844<\/p>\n<p><a href=\"http:\/\/www.arena-verlag.de\">www.arena-verlag.de<\/a><\/p>\n<p>Im\u00a0 f\u00fcnften Buchband der Mumin-Reihe geraten die Muminfamilie und ihre Hausmitbewohner wieder in ein Naturabenteuer. Dieses Mal ist es eine \u00dcberschwemmung, die die \u00fcberraschten Muminhausbewohner zun\u00e4chst aufs Dach fl\u00fcchten l\u00e4sst. Dort lassen sie sich auf die neue Situation ein und versuchen tauchend aus dem Haus zu retten, was noch zu retten ist. Auch vorbeitreibende Mumintalbewohner erhalten Obdach. Als das Wasser allerdings weitersteigt und ein merkw\u00fcrdiges riesiges schwimmendes Gebilde mit roten Vorh\u00e4ngen vorbeitreibt, beschlie\u00dfen die Mumins auf dieses Gebilde umzuziehen. Samt Mobiliar, Verpflegung und einer Schar Flutopfer gehen sie an Bord. Da sie noch nie in einem Theater waren, kommt es in den n\u00e4chsten Tagen noch zu reichlich komischen Situationen. Mithilfe der Theaterratte Emma studieren die \u00dcberschwemmungsopfer ein Theaterst\u00fcck ein, das bei seiner Premiere zu einigen \u00dcberraschungen und Wiedersehensfreuden f\u00fchrt.<\/p>\n<p><strong>\u201eWinter im Mumintal\u201c von Tove Jansson (1957)<\/strong><\/p>\n<p>Lesealter: 8-10 Jahre<\/p>\n<p><img loading=\"lazy\" class=\"alignleft size-medium wp-image-1583\" src=\"http:\/\/kinderbuch.blog\/wp-content\/uploads\/2018\/12\/Winter-im-Mumintal-226x300.jpg\" alt=\"\" width=\"226\" height=\"300\" srcset=\"https:\/\/kinderbuch.blog\/wp-content\/uploads\/2018\/12\/Winter-im-Mumintal-226x300.jpg 226w, https:\/\/kinderbuch.blog\/wp-content\/uploads\/2018\/12\/Winter-im-Mumintal.jpg 376w\" sizes=\"(max-width: 226px) 100vw, 226px\" \/><\/p>\n<p>&nbsp;<\/p>\n<p>&nbsp;<\/p>\n<p>&nbsp;<\/p>\n<p>&nbsp;<\/p>\n<p>&nbsp;<\/p>\n<p>&nbsp;<\/p>\n<p>&nbsp;<\/p>\n<p>&nbsp;<\/p>\n<p>&nbsp;<\/p>\n<p>&nbsp;<\/p>\n<p>&nbsp;<\/p>\n<p>&nbsp;<\/p>\n<p>\u00a92017, Arena Verlag, ISBN 978-3401602851<\/p>\n<p><a href=\"http:\/\/www.arena-verlag.de\">www.arena-verlag.de<\/a><\/p>\n<p>Kurz nach Neujahr ist das Mumintal wie jedes Jahr von der Jahreszeit Winter eingenommen. Die Trolle der Muminfamilie machen ihren Winterschlaf; drau\u00dfen im Tal regt sich nichts, denn wer nicht schl\u00e4ft, macht es sich in seinem Winterquartier gem\u00fctlich. Als ein Mondstrahl dem kleinen Mumintroll ins Gesicht scheint, wacht dieser auf. Ohne seine Familie macht er sich t\u00e4glich auf, die faszinierende, aber auch be\u00e4ngstigende Winterwelt zu erkunden. Als sich das Ger\u00fccht rumspricht, dass es im Mumintal einen Keller mit jeder Menge eingemachter Marmelade gibt, macht sich eine Schar verfrorener G\u00e4ste auf den Weg und findet im Muminhaus Bewirtung und Unterschlupf.\u00a0 So lernt Mumin neue Bewohner des Tals kennen, die mit dieser Winterwelt auf ihre Weise umgehen und die nun miteinander zurechtkommen m\u00fcssen.<\/p>\n<p>Tove Jansson hatte seit 1945 erfolgreich sechs Kinderb\u00fccher \u00fcber das Leben und die Abenteuer der Muminfamilie geschrieben als sie 1957 \u201eWinter im Mumintal\u201c ver\u00f6ffentlicht. Das Buch ist ein Winterbuch mit vielen kleinen Geschichten, die philosophisch, witzig, magisch-be\u00e4ngstigend und heimelig ber\u00fchrend sind.<\/p>\n<p><strong>\u00a0<\/strong><\/p>\n<p><strong>\u201cWer tr\u00f6stet Toffel?\u201d von Tove Jansson (1960)<\/strong><\/p>\n<p>Lesealter:5- 7 Jahre<\/p>\n<p><img loading=\"lazy\" class=\"alignleft size-medium wp-image-1584\" src=\"http:\/\/kinderbuch.blog\/wp-content\/uploads\/2018\/12\/Wer-tr\u00f6stet-Toffel-211x300.jpg\" alt=\"\" width=\"211\" height=\"300\" srcset=\"https:\/\/kinderbuch.blog\/wp-content\/uploads\/2018\/12\/Wer-tr\u00f6stet-Toffel-211x300.jpg 211w, https:\/\/kinderbuch.blog\/wp-content\/uploads\/2018\/12\/Wer-tr\u00f6stet-Toffel.jpg 351w\" sizes=\"(max-width: 211px) 100vw, 211px\" \/><\/p>\n<p>&nbsp;<\/p>\n<p>&nbsp;<\/p>\n<p>&nbsp;<\/p>\n<p>&nbsp;<\/p>\n<p>&nbsp;<\/p>\n<p>&nbsp;<\/p>\n<p>&nbsp;<\/p>\n<p>&nbsp;<\/p>\n<p>&nbsp;<\/p>\n<p>&nbsp;<\/p>\n<p>&nbsp;<\/p>\n<p>&nbsp;<\/p>\n<p>\u00a92009, Leipziger Kinderbuchverlag, ISBN 978-3896033253<\/p>\n<p><a href=\"http:\/\/www.leiv-verlag.de\">www.leiv-verlag.de<\/a><\/p>\n<p>Hauptperson des Bilderbuches, das 1960 erschien, ist der kleine Toffel. Dieser ist ganz alleine und verloren in der Welt. Er nimmt seinen Koffer und zieht hinaus. Zun\u00e4chst beobachtet er die Welt um sich herum, ihre Figuren und ihr Treiben. Am Ende der Geschichte ist sein Heldenmut gefragt und um die kleine Miffel zu retten, tritt er vor der schrecklichen Morra in Erscheinung und bei\u00dft ihr sogar in die Wade. Toffel beschlie\u00dft Miffel einen Brief zu schreiben. Und an dieser Stelle des Bilderbuches fordert die Autorin die Kinder auf, Toffel zu helfen und einen Brief an Miffel zu schreiben. Dieser kommt einfach an einen Rosenbusch geh\u00e4ngt auch ohne Briefmarken an. Miffel erh\u00e4lt Toffels Brief und am Ende des Buches sieht man Miffel und Toffel gl\u00fccklich in einer Muschel leben. Es endet wie im M\u00e4rchen:<\/p>\n<p>Auch bei diesem Bilderbuch arbeitete Tove Jansson mit kontrastreichen Bildern. So werden Toffel und sein Beobachtungsort immer in Schwarz, Wei\u00df und Grau dargestellt. Das fr\u00f6hliche Treiben der Umwelt und die Natur sind meist sehr farbenfroh gestaltet. Erst mit dem gl\u00fccklichen Ende der Geschichte wird Toffel mit seiner Braut Miffel ein Teil dieser farbenfrohen, lebendigen Welt. Die Geschichte ist in Paarreimen gestaltet. Bei der vorliegenden Ausgabe ist Toffels und Miffels Name immer fett gedruckt. Das empfinde ich beim Lesen als anstrengend und irritierend. In der urspr\u00fcnglichen Fassung war der Text in Schreibschrift gestaltet.<\/p>\n<p>&nbsp;<\/p>\n<p><strong>\u201cGeschichten aus dem Mumintal\u201d von Tove Jansson (1963)<\/strong><\/p>\n<p>Lesealter: 8-10 Jahre<\/p>\n<p><img loading=\"lazy\" class=\"alignleft size-medium wp-image-1585\" src=\"http:\/\/kinderbuch.blog\/wp-content\/uploads\/2018\/12\/Geschichten-aus-dem-Mumintal-228x300.jpg\" alt=\"\" width=\"228\" height=\"300\" srcset=\"https:\/\/kinderbuch.blog\/wp-content\/uploads\/2018\/12\/Geschichten-aus-dem-Mumintal-228x300.jpg 228w, https:\/\/kinderbuch.blog\/wp-content\/uploads\/2018\/12\/Geschichten-aus-dem-Mumintal.jpg 380w\" sizes=\"(max-width: 228px) 100vw, 228px\" \/><\/p>\n<p>&nbsp;<\/p>\n<p>&nbsp;<\/p>\n<p>&nbsp;<\/p>\n<p>&nbsp;<\/p>\n<p>&nbsp;<\/p>\n<p>&nbsp;<\/p>\n<p>&nbsp;<\/p>\n<p>&nbsp;<\/p>\n<p>&nbsp;<\/p>\n<p>&nbsp;<\/p>\n<p>&nbsp;<\/p>\n<p>&nbsp;<\/p>\n<p>\u00a92016, Arena Verlag, ISBN 978-3401602868<\/p>\n<p><a href=\"http:\/\/www.arena-verlag.de\">www.arena-verlag.de<\/a><\/p>\n<p>\u201eGeschichten aus dem Mumintal\u201c bietet einen bunten Strau\u00df von Erz\u00e4hlungen aus dem Mumintal, der mich wirklich begeistert. Besonders mochte ich : \u201eDer Hemul, der die Stille liebte\u201c (erinnert etwas an \u201eDer selbsts\u00fcchtige Riese\u201c von Oscar Wilde)\u00a0 und \u201eDie Geschichte vom unsichtbaren Kind\u201c.<\/p>\n<p>Auch findet sich mit \u201eDer Tannenbaum\u201c eine sch\u00f6ne Weihnachtsgeschichte in diesem Geschichtenband.<\/p>\n<p>&nbsp;<\/p>\n<p><strong>\u201cMumins wundersame Inselabenteuer\u201d von Tove Jansson (1965)<\/strong><\/p>\n<p>Lesealter: 8-10 Jahre<\/p>\n<p><img loading=\"lazy\" class=\"alignleft size-medium wp-image-1586\" src=\"http:\/\/kinderbuch.blog\/wp-content\/uploads\/2018\/12\/Mumins-wundersame-Inselabenteuer-226x300.jpg\" alt=\"\" width=\"226\" height=\"300\" srcset=\"https:\/\/kinderbuch.blog\/wp-content\/uploads\/2018\/12\/Mumins-wundersame-Inselabenteuer-226x300.jpg 226w, https:\/\/kinderbuch.blog\/wp-content\/uploads\/2018\/12\/Mumins-wundersame-Inselabenteuer.jpg 376w\" sizes=\"(max-width: 226px) 100vw, 226px\" \/><\/p>\n<p>&nbsp;<\/p>\n<p>&nbsp;<\/p>\n<p>&nbsp;<\/p>\n<p>&nbsp;<\/p>\n<p>&nbsp;<\/p>\n<p>&nbsp;<\/p>\n<p>&nbsp;<\/p>\n<p>&nbsp;<\/p>\n<p>&nbsp;<\/p>\n<p>&nbsp;<\/p>\n<p>&nbsp;<\/p>\n<p>&nbsp;<\/p>\n<p>\u00a92017, Arena Verlag, ISBN 978-3401602875<\/p>\n<p><a href=\"http:\/\/www.arena-verlag.de\">www.arena-verlag.de<\/a><\/p>\n<p>Ein Buch, das mich manchmal etwas schwerm\u00fctig macht, das aber dennoch unterhaltsam ist, ist Mumins Abenteuer auf der Insel. Ausgel\u00f6st durch den tiefen Wunsch des Muminvaters Leuchtturmw\u00e4rter auf einer Insel mitten im Meer zu sein, verl\u00e4sst die Muminfamilie ihr Heim und macht sich mit ihrem halben Hausstand auf dem Weg zu dem abgelegenen Eiland. Hier versucht jeder auf seine Weise mit der neuen Lebenssituation umzugehen. Nachdem die Muminmutter scheitert, einen Garten vor dem Leuchtturm anzulegen, fl\u00fcchtet sie sich in einen gemalten Garten in der Leuchtturmk\u00fcche. Mumin entdeckt eine geheime Lichtung, m\u00f6chte mit den Seepferdchen sprechen und ger\u00e4t in Kontakt mit der d\u00fcsteren Morra. Der Muminvater versucht sein Gl\u00fcck als Leuchtturmw\u00e4rter und muss hier R\u00fcckschl\u00e4ge, aber auch Entdeckungen hinnehmen. So l\u00f6st sich am Ende des Buches auch das R\u00e4tsel des einsamen Fischers, der auf der Insel in einer Sturm umtosten Kate lebt.<\/p>\n<p>&nbsp;<\/p>\n<p><strong>\u201cHerbst im Mumintal\u201d von Tove Jansson (1970)<\/strong><\/p>\n<p>Lesealter: 8-10 Jahre<\/p>\n<p><img loading=\"lazy\" class=\"alignleft size-medium wp-image-1587\" src=\"http:\/\/kinderbuch.blog\/wp-content\/uploads\/2018\/12\/Herbst-im-Mumintal-225x300.jpg\" alt=\"\" width=\"225\" height=\"300\" srcset=\"https:\/\/kinderbuch.blog\/wp-content\/uploads\/2018\/12\/Herbst-im-Mumintal-225x300.jpg 225w, https:\/\/kinderbuch.blog\/wp-content\/uploads\/2018\/12\/Herbst-im-Mumintal.jpg 374w\" sizes=\"(max-width: 225px) 100vw, 225px\" \/><\/p>\n<p>&nbsp;<\/p>\n<p>&nbsp;<\/p>\n<p>&nbsp;<\/p>\n<p>&nbsp;<\/p>\n<p>&nbsp;<\/p>\n<p>&nbsp;<\/p>\n<p>&nbsp;<\/p>\n<p>&nbsp;<\/p>\n<p>&nbsp;<\/p>\n<p>&nbsp;<\/p>\n<p>\u00a92017, Arena Verlag, ISBN 978-3401602882<\/p>\n<p><a href=\"http:\/\/www.arena-verlag.de\">www.arena-verlag.de<\/a><\/p>\n<p>So wie im herbst die Wildv\u00f6gel nach S\u00fcden ziehen, so machen sich im Herbst vier g\u00e4nzlich unterschiedliche Gestalten auf den Weg zum Muminhaus: Die putzw\u00fctige Filifjonka, der vertr\u00e4umte , der alte Onkelschrompel und ein Humin. Doch die Muminfamilie ist auf der Leuchtturminsel und nicht da. So richten sich die unterschiedlichen Charaktere im Haus ein und versuchen die Leichtigkeit des Lebens der Muminfamilie nachzustellen. Doch dieser Versuch missgl\u00fcckt und so m\u00fcssen die vier ihre eigene Geschichte entwickeln und reisen vorm Winter reich an Erfahrungen mit anderen und mit sich selbst wieder ab.<\/p>\n<p>Auch wenn ich etwas entt\u00e4uscht war, dass die Muminfamilie in diesem Band als Protagonisten gar nicht auftauchen, so hat mich der Roman wirklich emotional ber\u00fchrt und in die Geschichte mitgenommen. Die vier Figuren werden so lebensnah dargestellt und die Jahreszeit Herbst fast k\u00f6rperlich sp\u00fcrbar. Ein wunderbares Buch f\u00fcr Herbstabende, das mich allerdings immer mit einer leichten Melancholie und teilweise auch Ratlosigkeit zur\u00fcck l\u00e4sst.<\/p>\n<p>&nbsp;<\/p>\n<p><strong>\u201cDie wundersame Reise ins Mumintal\u201d von Tove Jansson (1977)<\/strong><\/p>\n<p>Lesealter: 4-6 Jahre<\/p>\n<p><img loading=\"lazy\" class=\"alignleft size-full wp-image-1589\" src=\"http:\/\/kinderbuch.blog\/wp-content\/uploads\/2018\/12\/Die-wundersame-Reise-ins-Mumintal.jpg\" alt=\"\" width=\"183\" height=\"250\" \/><\/p>\n<p>&nbsp;<\/p>\n<p>&nbsp;<\/p>\n<p>&nbsp;<\/p>\n<p>&nbsp;<\/p>\n<p>&nbsp;<\/p>\n<p>&nbsp;<\/p>\n<p>&nbsp;<\/p>\n<p>&nbsp;<\/p>\n<p>\u00a92017, Arena Verlag, ISBN 978-3401711645<\/p>\n<p><a href=\"http:\/\/www.arena-verlag.de\">www.arena-verlag.de<\/a><\/p>\n<p>Susanna sitzt im Gras und langweilt sich. Alles \u00f6det sie an. Doch dann passiert etwas Verr\u00fccktes. Als sie ihre Brille f\u00fcr einen Moment absetzt, ist diese verschwunden und eine neue Brille liegt ihrerstatt auf der Wiese. Durch diese Brille sieht Susanna ihre vertraute, langweilige Welt mit anderen Augen. Hier ist alles be\u00e4ngstigend, ein vertrauter Wald wird zum d\u00fcsteren Sumpf und ein Abenteuer jagt das n\u00e4chste. Zum Gl\u00fcck trifft Susanna unterwegs einige Wandersleute, die auf dem Weg ins Mumintal sind. Auch diese sind von der neuen Realit\u00e4t schockiert und finden sich nicht mehr zurecht. Aber frohen Mutes gehen sie einfach weiter und treffen schlie\u00dflich im Mumintal ein.<\/p>\n<p>Unter dem Titel \u201eDie gef\u00e4hrliche Reise\u201c erschien dieses Bilderbuch 1981 im St. Gabriel Verlag:<\/p>\n<p><strong>\u201eDie gef\u00e4hrliche Reise\u201c von Tove Jansson (1977)<\/strong><\/p>\n<p><img loading=\"lazy\" class=\"alignleft size-full wp-image-1588\" src=\"http:\/\/kinderbuch.blog\/wp-content\/uploads\/2018\/12\/Die-gef\u00e4hrliche-Reise.jpg\" alt=\"\" width=\"178\" height=\"250\" \/><\/p>\n<p>&nbsp;<\/p>\n<p>&nbsp;<\/p>\n<p>&nbsp;<\/p>\n<p>&nbsp;<\/p>\n<p>&nbsp;<\/p>\n<p>&nbsp;<\/p>\n<p>&nbsp;<\/p>\n<p>&nbsp;<\/p>\n<p>\u00a91981, St. Gabriel Verlag, ISBN<\/p>\n<p>Die vorliegende Erz\u00e4hlung \u00fcber das kleine M\u00e4dchen Susanna, das sich in das Mumintal aufmacht, erinnert ansatzweise an Alice im Wunderland. Denn neben freundlichen Begegnungen, trifft Susanna auch furchterregende Ungeheuer (die nicht bildlich, sondern nur als d\u00fcstere, lebensfeindliche Natur dargestellt werden). Typisch f\u00fcr die Jansson Erz\u00e4hlungen nimmt die Reise einen fr\u00f6hlich-nachdenklichen Abschluss mit der Ankunft im Mumintal.<\/p>\n<p>Dass die Erz\u00e4hlung und Darstellung in der Buchkritik metaphorisch f\u00fcr den Abschied von der Kindheit stehen soll, wird mir nicht ganz klar. Zumindest ist es allerdings das letzte Buch, in dem Jansson die charismatischen Mumintrollen und die anderen G\u00e4ste des Muminhauses nochmal aufnimmt.<\/p>\n<p>Aber objektiv aus Kinderaugen betrachtet, bietet sie mit den herrlichen Bildern eine wirklich spannende Geschichte. Dass der Jansson-unerfahrene Leser nat\u00fcrlich nicht zu jeder Figur all die fantastischen Abenteuer im Hinterkopf hat, ist klar und meiner Meinung auch nicht unbedingt Bedingung f\u00fcr die Lekt\u00fcre des Bilderbuches. F\u00fcr den Tove Jansson-Leser bietet das Buch allerdings ein opulentes Wiedersehen mit den\u00a0 Hauptfiguren der Muminb\u00fccher. Zwar zeigen sie sich in ihrer bekannten Art, aber das Zusammentreffen in dieser Konstellation ist neu. Auch die stimmungsvollen Bilder bieten einen neuen Blick auf die Bewohner des Mumintals, die ich in einer solch naturgewaltigen Kulisse noch nicht gesehen habe.<\/p>\n<p>Als eine Erg\u00e4nzung der Geschichte\u00a0 kann folgender Schlusstext gelten, der wohl von Tove Jansson selbst verfasst worden sein soll und aus einem Katalog des Mumintal-Museums Tampere der <span style=\"color: #000000;\">80er Jahre stammt:<\/span><\/p>\n<p><span style=\"color: #000000;\">\u201eAls Tooticki die ganze Gesellschaft nach Hause ins Mumintal gerettet hatte, wollten sie ihr nat\u00fcrlich ein gro\u00dfes Fest geben. Aber Tooticki erkl\u00e4rte, dass sie weiter m\u00fcsse, weil n\u00e4mlich diese Mondscheinnacht genau so eine Nacht war, in der man Anker lichtet und sich fort begibt, ganz alleine.\u201c (Vgl. <a style=\"color: #000000;\" href=\"http:\/\/www.zepe.de\/mumin\/mbgr.php\">www.zepe.de\/mumin\/mbgr.php<\/a>).<\/span><\/p>\n<p>&nbsp;<\/p>\n<p><strong>\u201cDer Schurke im Muminhaus\u201d von Tove Jansson (1980)<\/strong><\/p>\n<p><img loading=\"lazy\" class=\"alignleft size-medium wp-image-1590\" src=\"http:\/\/kinderbuch.blog\/wp-content\/uploads\/2018\/12\/Der-Schurke-im-Muminhaus-218x300.jpg\" alt=\"\" width=\"218\" height=\"300\" srcset=\"https:\/\/kinderbuch.blog\/wp-content\/uploads\/2018\/12\/Der-Schurke-im-Muminhaus-218x300.jpg 218w, https:\/\/kinderbuch.blog\/wp-content\/uploads\/2018\/12\/Der-Schurke-im-Muminhaus.jpg 362w\" sizes=\"(max-width: 218px) 100vw, 218px\" \/><\/p>\n<p>&nbsp;<\/p>\n<p>&nbsp;<\/p>\n<p>&nbsp;<\/p>\n<p>&nbsp;<\/p>\n<p>&nbsp;<\/p>\n<p>&nbsp;<\/p>\n<p>&nbsp;<\/p>\n<p>&nbsp;<\/p>\n<p>&nbsp;<\/p>\n<p>\u00a91983, St. Gabriel Verlag<\/p>\n<p>&nbsp;<\/p>\n<p>Unter dem Titel \u201c\u00dcberraschung im Muminhaus\u201d ist 2017 eine Neuauflage des Bilderbuches im W\u00fcrzburger Arena Verlag erschienen:<\/p>\n<p><strong>\u201c\u00dcberraschung im Muminhaus\u201d von Tove Jansson (1980)<\/strong><\/p>\n<p>Lesealter: 4-6 Jahre<\/p>\n<p>\u00a92017, Arena Verlag, ISBN 978-3401711652<\/p>\n<p><a href=\"http:\/\/www.arena-verlag.de\">www.arena-verlag.de<\/a><\/p>\n<p>Dieses Bilderbuch, das Fotografien eines Muminhausmodells und der nachgebauten Figuren zeigt, ist meiner Meinung nach nicht unbedingt f\u00fcr Kinder geeignet. Die Ausrichtung auf die vielen Details des Interieurs zielen doch eher auf den erwachsenen Leser.<\/p>\n","protected":false},"excerpt":{"rendered":"<p>Wie soll man die Mumins und ihr Mumintal erkl\u00e4ren? Man muss es selbst besuchen! Tove Jansson hat viele Geschichten \u00fcber die liebensw\u00fcrdige Trollfamilie geschrieben und die Welt der Mumins in besonderen, ausdrucksstarken Bildern gezeichnet und gemalt. Zwischen 1945 und 1980 erschienen zw\u00f6lf B\u00e4nde der K\u00fcnstlerin, deren Werke bis heute Finnland als Heimat der Trolle ber\u00fchmt machen. Bei Interpretationen ihrer Werke [&#8230;]<\/p>\n","protected":false},"author":1,"featured_media":1773,"comment_status":"open","ping_status":"open","sticky":false,"template":"","format":"standard","meta":[],"categories":[6,48],"tags":[],"_links":{"self":[{"href":"https:\/\/kinderbuch.blog\/index.php?rest_route=\/wp\/v2\/posts\/1574"}],"collection":[{"href":"https:\/\/kinderbuch.blog\/index.php?rest_route=\/wp\/v2\/posts"}],"about":[{"href":"https:\/\/kinderbuch.blog\/index.php?rest_route=\/wp\/v2\/types\/post"}],"author":[{"embeddable":true,"href":"https:\/\/kinderbuch.blog\/index.php?rest_route=\/wp\/v2\/users\/1"}],"replies":[{"embeddable":true,"href":"https:\/\/kinderbuch.blog\/index.php?rest_route=%2Fwp%2Fv2%2Fcomments&post=1574"}],"version-history":[{"count":3,"href":"https:\/\/kinderbuch.blog\/index.php?rest_route=\/wp\/v2\/posts\/1574\/revisions"}],"predecessor-version":[{"id":1594,"href":"https:\/\/kinderbuch.blog\/index.php?rest_route=\/wp\/v2\/posts\/1574\/revisions\/1594"}],"wp:featuredmedia":[{"embeddable":true,"href":"https:\/\/kinderbuch.blog\/index.php?rest_route=\/wp\/v2\/media\/1773"}],"wp:attachment":[{"href":"https:\/\/kinderbuch.blog\/index.php?rest_route=%2Fwp%2Fv2%2Fmedia&parent=1574"}],"wp:term":[{"taxonomy":"category","embeddable":true,"href":"https:\/\/kinderbuch.blog\/index.php?rest_route=%2Fwp%2Fv2%2Fcategories&post=1574"},{"taxonomy":"post_tag","embeddable":true,"href":"https:\/\/kinderbuch.blog\/index.php?rest_route=%2Fwp%2Fv2%2Ftags&post=1574"}],"curies":[{"name":"wp","href":"https:\/\/api.w.org\/{rel}","templated":true}]}}