{"id":1550,"date":"2018-12-21T12:56:51","date_gmt":"2018-12-21T12:56:51","guid":{"rendered":"http:\/\/kinderbuch.blog\/?p=1550"},"modified":"2018-12-21T14:32:00","modified_gmt":"2018-12-21T14:32:00","slug":"alle-abenteuer-von-eduard-speck-von-john-saxby","status":"publish","type":"post","link":"https:\/\/kinderbuch.blog\/?p=1550","title":{"rendered":"&#8222;Alle Abenteuer von Eduard Speck&#8220; von John Saxby"},"content":{"rendered":"<p>25 Jahre nach der Ersterscheinung der ersten Geschichten \u00fcber das charismatische Schwein Eduard Speck, erschien am 5. November 2018 ein Sammelband mit dem Titel \u201eAlle Abenteuer von Eduard Speck\u201c im Carl Hanser Verlag. Das Kinderbuch enth\u00e4lt alle 29 Erz\u00e4hlungen der Reihe und hat seinen Reiz meiner Meinung nach besonders als Vorlesebuch f\u00fcr Kinder ab 7 Jahren.<\/p>\n<p>&nbsp;<\/p>\n<p>&nbsp;<\/p>\n<p>&nbsp;<\/p>\n<p><strong>\u201eAlle Abenteuer von Eduard Speck\u201c von John Saxby\/Wolf Erlbruch (2018)<\/strong><\/p>\n<p>Lesealter: 8-10 Jahre<\/p>\n<p><img loading=\"lazy\" class=\"alignleft size-medium wp-image-1552\" src=\"http:\/\/kinderbuch.blog\/wp-content\/uploads\/2018\/12\/Eduard-Speck-Titel-205x300.jpg\" alt=\"\" width=\"205\" height=\"300\" srcset=\"https:\/\/kinderbuch.blog\/wp-content\/uploads\/2018\/12\/Eduard-Speck-Titel-205x300.jpg 205w, https:\/\/kinderbuch.blog\/wp-content\/uploads\/2018\/12\/Eduard-Speck-Titel-768x1124.jpg 768w, https:\/\/kinderbuch.blog\/wp-content\/uploads\/2018\/12\/Eduard-Speck-Titel-700x1024.jpg 700w, https:\/\/kinderbuch.blog\/wp-content\/uploads\/2018\/12\/Eduard-Speck-Titel.jpg 1080w\" sizes=\"(max-width: 205px) 100vw, 205px\" \/><\/p>\n<p>&nbsp;<\/p>\n<p>&nbsp;<\/p>\n<p>&nbsp;<\/p>\n<p>&nbsp;<\/p>\n<p>&nbsp;<\/p>\n<p>&nbsp;<\/p>\n<p>&nbsp;<\/p>\n<p>&nbsp;<\/p>\n<p>&nbsp;<\/p>\n<p>&nbsp;<\/p>\n<p>\u00a92018, Carl Hanser Verlag, ISBN 978-3446260672<\/p>\n<p>www.hanser-literaturverlage.de<\/p>\n<p>&nbsp;<\/p>\n<p>Autor des Buches ist der Engl\u00e4nder John Saxby, der die am\u00fcsanten Bauernhof-Abenteuer zun\u00e4chst f\u00fcr seine Enkel erdachte und so erst im reifen Alter zu seiner zweiten Profession als Kinderbuchautor fand. Die unterhaltsamen Erz\u00e4hlungen von Henry Pawk wurden anfangs f\u00fcr eine Kinderradio-H\u00f6rspielreihe der BBC entdeckt und erschienen wenig sp\u00e4ter auch in Buchform.<\/p>\n<p>1993 erschien in Deutschland zun\u00e4chst \u201eAbenteuer von Eduard Speck\u201c und 1996 die Fortetzung\u00a0 \u201eNeue Abenteuer von Eduard Speck\u201c im Carl Hanser Verlag. Als Illustrator war der deutsche K\u00fcnstler Wolf Erlbruch gewonnen worden, der seit 1980 Kinderb\u00fccher bebildert und sp\u00e4ter auch begann Kinderb\u00fccher zu schreiben. Sein vielleicht bekanntestes illustratorisches Werk ist das Bilderbuch \u201eVom kleinen Maulwurf, der wissen wollte, wer ihm auf den Kopf gemacht hat\u201c aus dem Jahr 1989. F\u00fcr seine Illustrationen zu \u201eAbenteuer von Eduard Speck\u201c erhielt Erlbruch 1993 den Sonderpreis der Stiftung Buchkunst.<\/p>\n<p><strong>Hier ein inhaltlicher \u00dcberblick:<\/strong><\/p>\n<p>Ort der Handlung des Buches ist der Scheffelhof, der Bauernhof der Familie Scheffel, die hier mit ihren Kindern und einer ganzen Schar Tiere wohnt. Neben Eduard Speck, dem Hausschwein, wohnen hier Hektor, der Hofhund, Gregor, der Kater, Hadrian, der Ackergaul, Albert, der Ochse, Engelchen Butterblume, die Kuh, Gunther der Ganter mit seinem Harem und eine Schar H\u00fchner. Aber eine weitere Zahl Tiere wohnt in der N\u00e4he des Bauernhofs. Da w\u00e4ren zum einen das Eichh\u00f6rnchen Theodor T. Eichkatze ( Spitzname TT), eine aufm\u00fcpfige Schar Fr\u00f6sche, die Enten am Teich, die Bienen aus den Bienenst\u00f6cken des Bauern Scheffel sowie Erwin Lampe von L\u00f6ffel mit seiner Hasenfamilie. Auch Waldtiere statten dem Bauernhof in den Geschichten ab und zu einen Besuch ab und sorgen f\u00fcr unterhaltsame Aufregung.<\/p>\n<p><img loading=\"lazy\" class=\"alignleft size-medium wp-image-1553\" src=\"http:\/\/kinderbuch.blog\/wp-content\/uploads\/2018\/12\/Eduard-Speck-Inhalt-191x300.jpg\" alt=\"\" width=\"191\" height=\"300\" srcset=\"https:\/\/kinderbuch.blog\/wp-content\/uploads\/2018\/12\/Eduard-Speck-Inhalt-191x300.jpg 191w, https:\/\/kinderbuch.blog\/wp-content\/uploads\/2018\/12\/Eduard-Speck-Inhalt-768x1203.jpg 768w, https:\/\/kinderbuch.blog\/wp-content\/uploads\/2018\/12\/Eduard-Speck-Inhalt-654x1024.jpg 654w, https:\/\/kinderbuch.blog\/wp-content\/uploads\/2018\/12\/Eduard-Speck-Inhalt.jpg 1080w\" sizes=\"(max-width: 191px) 100vw, 191px\" \/><\/p>\n<p>&nbsp;<\/p>\n<p>&nbsp;<\/p>\n<p>&nbsp;<\/p>\n<p>&nbsp;<\/p>\n<p>&nbsp;<\/p>\n<p>&nbsp;<\/p>\n<p>&nbsp;<\/p>\n<p>&nbsp;<\/p>\n<p>&nbsp;<\/p>\n<p>&nbsp;<\/p>\n<p>Insgesamt finden sich 29 -in sich geschlossene- Erz\u00e4hlungen in dem Sammelband .<\/p>\n<p>Passend zum Winter startet das Buch mit einer Schneegeschichte und die idyllische erste Illustration Wolf Erlbruchs versetzt einen gleich in die passende Stimmung:<\/p>\n<p><img loading=\"lazy\" class=\"alignleft size-medium wp-image-1554\" src=\"http:\/\/kinderbuch.blog\/wp-content\/uploads\/2018\/12\/Eduard-Speck-Winter-190x300.jpg\" alt=\"\" width=\"190\" height=\"300\" srcset=\"https:\/\/kinderbuch.blog\/wp-content\/uploads\/2018\/12\/Eduard-Speck-Winter-190x300.jpg 190w, https:\/\/kinderbuch.blog\/wp-content\/uploads\/2018\/12\/Eduard-Speck-Winter-768x1215.jpg 768w, https:\/\/kinderbuch.blog\/wp-content\/uploads\/2018\/12\/Eduard-Speck-Winter-647x1024.jpg 647w, https:\/\/kinderbuch.blog\/wp-content\/uploads\/2018\/12\/Eduard-Speck-Winter.jpg 1080w\" sizes=\"(max-width: 190px) 100vw, 190px\" \/><\/p>\n<p>&nbsp;<\/p>\n<p>&nbsp;<\/p>\n<p>&nbsp;<\/p>\n<p>&nbsp;<\/p>\n<p>&nbsp;<\/p>\n<p>&nbsp;<\/p>\n<p>&nbsp;<\/p>\n<p>&nbsp;<\/p>\n<p>&nbsp;<\/p>\n<p>&nbsp;<\/p>\n<p>Doch die Idylle tr\u00fcgt\u2026 &#8211; der arme Eduard Speck wird in seinem eingeschneiten Schweinestall vermisst. Zum Gl\u00fcck hatte sich Eduard rechtzeitig eine Scheune gesucht und beobachtet aus einiger Entfernung am\u00fcsiert die panischen Rettungsversuche der anderen Bauernhoftiere \u2013 bis die Eisfl\u00e4che des Teiches nachgibt und Eduard ins eiskalte Wasser plumpst. Auch hier kommen ihm die Tiere sofort zur Hilfe, doch Eduard findet kein Wort der Dankbarkeit und prahlt, er habe eine Runde schwimmen wollen&#8230;<\/p>\n<p>Auch in den folgenden Geschichten, in denen entweder Eduard einen Streich ausheckt (und sp\u00e4ter in seine eigene Grube f\u00e4llt) oder die anderen Tiere mit dem t\u00e4glichen Tratsch bei Eduard Verwirrung stiften, wechselt Eduard in Rollen zwischen \u00fcberheblichem Besserwisser und bedauernswertem und liebensw\u00fcrdigem Tollpatsch. So schwankt der Leser zwischen verschiedenen Emotionen: viel Erheiterung, Mitleid und auch einer Spur Schadenfreude. Eduards Eitelkeit l\u00e4sst die Geschichten oft einen am\u00fcsanten Verlauf nehmen.<\/p>\n<p>Aber auch Geschichten zu den Jahreszeiten und zu Festtagen wie Weihnachten und Silvester finden sich in dem Sammelband, der rund um das tiergesellschaftliche Leben auf dem Scheffelhof spielt.<\/p>\n<p><img loading=\"lazy\" class=\"alignleft size-medium wp-image-1555\" src=\"http:\/\/kinderbuch.blog\/wp-content\/uploads\/2018\/12\/Eduard-Speck-Weihnachten-214x300.jpg\" alt=\"\" width=\"214\" height=\"300\" srcset=\"https:\/\/kinderbuch.blog\/wp-content\/uploads\/2018\/12\/Eduard-Speck-Weihnachten-214x300.jpg 214w, https:\/\/kinderbuch.blog\/wp-content\/uploads\/2018\/12\/Eduard-Speck-Weihnachten-768x1074.jpg 768w, https:\/\/kinderbuch.blog\/wp-content\/uploads\/2018\/12\/Eduard-Speck-Weihnachten-732x1024.jpg 732w, https:\/\/kinderbuch.blog\/wp-content\/uploads\/2018\/12\/Eduard-Speck-Weihnachten.jpg 1080w\" sizes=\"(max-width: 214px) 100vw, 214px\" \/><\/p>\n<p>&nbsp;<\/p>\n<p>&nbsp;<\/p>\n<p>&nbsp;<\/p>\n<p>&nbsp;<\/p>\n<p>&nbsp;<\/p>\n<p>&nbsp;<\/p>\n<p>&nbsp;<\/p>\n<p>&nbsp;<\/p>\n<p>&nbsp;<\/p>\n<p>&nbsp;<\/p>\n<p>Dass Eduard Speck ein au\u00dfergew\u00f6hnliches Schwein ist, zeigt sich auch an seinem Weihnachtswunsch an das Christkind: \u201eein rotseidener Morgenrock mit goldener Kordel\u201c (S.107). Ob und wie sein extravaganter Wunsch in Erf\u00fcllung geht ist in der Geschichte &#8222;Der rotseidene Morgenrock&#8220; nachzulesen&#8230;<\/p>\n<p><strong>Meine Meinung:<\/strong><\/p>\n<p>Nachdem man sich zun\u00e4chst in den ersten drei Erz\u00e4hlungen mit den vielz\u00e4hligen Namen der Bauernhoftiere vertraut gemacht hat, findet man gut in die Geschichten um das besondere Bauernhofschwein Eduard Speck. Allerdings finde ich das Buch aufgrund seiner intelligenten Komik, den zahlreichen Dialogen und den unterschiedlichen Erz\u00e4hlanl\u00e4ssen besonders als Vorlesebuch f\u00fcr Kinder ab 7 Jahren geeignet. Auch die passenden und ausdrucksstarken Bilder von Wolf Erlbruch bieten hier Unterhaltung und erg\u00e4nzen die Erz\u00e4hlungen exzellent. Ich kann gut nachvollziehen, dass die Geschichten in den 1990er Jahren als H\u00f6rspiele vertont wurden.<\/p>\n","protected":false},"excerpt":{"rendered":"<p>25 Jahre nach der Ersterscheinung der ersten Geschichten \u00fcber das charismatische Schwein Eduard Speck, erschien am 5. November 2018 ein Sammelband mit dem Titel \u201eAlle Abenteuer von Eduard Speck\u201c im Carl Hanser Verlag. Das Kinderbuch enth\u00e4lt alle 29 Erz\u00e4hlungen der Reihe und hat seinen Reiz meiner Meinung nach besonders als Vorlesebuch f\u00fcr Kinder ab 7 Jahren. &nbsp; &nbsp; &nbsp; \u201eAlle [&#8230;]<\/p>\n","protected":false},"author":1,"featured_media":1552,"comment_status":"open","ping_status":"open","sticky":false,"template":"","format":"standard","meta":[],"categories":[33],"tags":[],"_links":{"self":[{"href":"https:\/\/kinderbuch.blog\/index.php?rest_route=\/wp\/v2\/posts\/1550"}],"collection":[{"href":"https:\/\/kinderbuch.blog\/index.php?rest_route=\/wp\/v2\/posts"}],"about":[{"href":"https:\/\/kinderbuch.blog\/index.php?rest_route=\/wp\/v2\/types\/post"}],"author":[{"embeddable":true,"href":"https:\/\/kinderbuch.blog\/index.php?rest_route=\/wp\/v2\/users\/1"}],"replies":[{"embeddable":true,"href":"https:\/\/kinderbuch.blog\/index.php?rest_route=%2Fwp%2Fv2%2Fcomments&post=1550"}],"version-history":[{"count":4,"href":"https:\/\/kinderbuch.blog\/index.php?rest_route=\/wp\/v2\/posts\/1550\/revisions"}],"predecessor-version":[{"id":1571,"href":"https:\/\/kinderbuch.blog\/index.php?rest_route=\/wp\/v2\/posts\/1550\/revisions\/1571"}],"wp:featuredmedia":[{"embeddable":true,"href":"https:\/\/kinderbuch.blog\/index.php?rest_route=\/wp\/v2\/media\/1552"}],"wp:attachment":[{"href":"https:\/\/kinderbuch.blog\/index.php?rest_route=%2Fwp%2Fv2%2Fmedia&parent=1550"}],"wp:term":[{"taxonomy":"category","embeddable":true,"href":"https:\/\/kinderbuch.blog\/index.php?rest_route=%2Fwp%2Fv2%2Fcategories&post=1550"},{"taxonomy":"post_tag","embeddable":true,"href":"https:\/\/kinderbuch.blog\/index.php?rest_route=%2Fwp%2Fv2%2Ftags&post=1550"}],"curies":[{"name":"wp","href":"https:\/\/api.w.org\/{rel}","templated":true}]}}