{"id":1443,"date":"2018-08-28T18:00:25","date_gmt":"2018-08-28T18:00:25","guid":{"rendered":"http:\/\/kinderbuch.blog\/?p=1443"},"modified":"2018-08-27T12:17:37","modified_gmt":"2018-08-27T12:17:37","slug":"20-jahre-harry-potter-die-sieben-neuen-jubilaeumsausgaben","status":"publish","type":"post","link":"https:\/\/kinderbuch.blog\/?p=1443","title":{"rendered":"20 Jahre Harry Potter: Die sieben neuen Jubil\u00e4umsausgaben"},"content":{"rendered":"<p>Zeitgleich mit der Jubil\u00e4umslesung Rufus Beck&#8217;s erscheint am 31.8.2018 eine Jubil\u00e4umsausgabe der sieben Harry Potter-B\u00e4nde im Carlsen Verlag. Hatten bisher Bilder der deutschen Zeichnerin und Illustratorin Sabine Wilharm die Bucheinb\u00e4nde geziert, werden zum 20-j\u00e4hrigen Jubil\u00e4um in Deutschland die Hardcover-B\u00e4nde in neuem Einbandkleid herausgebracht. Die Taschenb\u00fccher sind weiterhin mit den Bildern von Wilharm versehen. F\u00fcr die Gestaltung \u00a0der neuen Cover ist der Mail\u00e4nder K\u00fcnstler und Illustrator Iacopo Bruno verantwortlich. Bruno gestaltete auch die Cover der erfolgreichen Krimireihe \u201eFlavia de Luce\u201c. Als eingefleischtem Harry Potter-Fan gefallen mir die zahlreichen Details und Figurenportraits der Ausgaben.<\/p>\n<p><strong>Anl\u00e4sslich der Ver\u00f6ffentlichung gibt es auch Online-Gewinnspiele. Hier eine Auswahl:<\/strong><\/p>\n<p>Zum Erscheinungsdatum der Jubil\u00e4umsausgaben bietet der Carlsen Verlag ein Gewinnspiel, bei dem alle 7 Ausgaben verlost werden. Unter diesem Link k\u00f6nnt Ihr bis zum 31.8.2018 um 23 Uhr 59 Uhr an der Verlosung teilnehmen:<\/p>\n<p>www.carlsen-harrypotter.de\/gewinne-zauberhafte-preise-im-august<\/p>\n<p>Die Internetseite Elbenwald bietet ebenfalls ein Gewinnspiel an, bei dem man die Kollektion gewinnen kann. Hier m\u00fcsst Ihr bis zum 2.9.2018 um 23 Uhr 12 sch\u00e4tzen oder wissen wie viele Kapitel in Summe die Harry Potter-B\u00fccher beinhalten. N\u00e4here Infos findet Ihr hier:<\/p>\n<p>www.elbenwald.de\/Die-neue-Harry-Potter-Buchedition-Gewinnspiel-im-Wert-von-500<\/p>\n<p>Hier alle Frontansichten der Cover im \u00dcberblick:<\/p>\n<p><strong>\u201eHarry Potter und der Stein der Weisen\u201c von J.K. Rowling (1997)<\/strong><\/p>\n<p>Lesealter: ab 10 Jahre<\/p>\n<p><img loading=\"lazy\" class=\"alignleft size-medium wp-image-1414\" src=\"http:\/\/kinderbuch.blog\/wp-content\/uploads\/2018\/08\/harry-potter-und-der-stein-der-weisen-harry-potter-1-202x300.jpeg\" alt=\"\" width=\"202\" height=\"300\" srcset=\"https:\/\/kinderbuch.blog\/wp-content\/uploads\/2018\/08\/harry-potter-und-der-stein-der-weisen-harry-potter-1-202x300.jpeg 202w, https:\/\/kinderbuch.blog\/wp-content\/uploads\/2018\/08\/harry-potter-und-der-stein-der-weisen-harry-potter-1-768x1141.jpeg 768w, https:\/\/kinderbuch.blog\/wp-content\/uploads\/2018\/08\/harry-potter-und-der-stein-der-weisen-harry-potter-1-689x1024.jpeg 689w, https:\/\/kinderbuch.blog\/wp-content\/uploads\/2018\/08\/harry-potter-und-der-stein-der-weisen-harry-potter-1.jpeg 1077w\" sizes=\"(max-width: 202px) 100vw, 202px\" \/><\/p>\n<p>&nbsp;<\/p>\n<p>&nbsp;<\/p>\n<p>&nbsp;<\/p>\n<p>&nbsp;<\/p>\n<p>&nbsp;<\/p>\n<p>&nbsp;<\/p>\n<p>&nbsp;<\/p>\n<p>&nbsp;<\/p>\n<p>&nbsp;<\/p>\n<p>&nbsp;<\/p>\n<p>\u00a92018, Carlsen Verlag , ISBN 978-3-551-55741-4<\/p>\n<p><a href=\"http:\/\/www.carlsen.de\">www.carlsen.de<\/a><\/p>\n<p>&nbsp;<\/p>\n<p><strong>\u201eHarry Potter und die Kammer des Schreckens\u201c von J.K. Rowling (1998)<\/strong><\/p>\n<p>Lesealter: ab 10 Jahr<\/p>\n<p><img loading=\"lazy\" class=\"alignleft size-medium wp-image-1415\" src=\"http:\/\/kinderbuch.blog\/wp-content\/uploads\/2018\/08\/harry-potter-und-die-kammer-des-schreckens-harry-potter-2-203x300.jpeg\" alt=\"\" width=\"203\" height=\"300\" srcset=\"https:\/\/kinderbuch.blog\/wp-content\/uploads\/2018\/08\/harry-potter-und-die-kammer-des-schreckens-harry-potter-2-203x300.jpeg 203w, https:\/\/kinderbuch.blog\/wp-content\/uploads\/2018\/08\/harry-potter-und-die-kammer-des-schreckens-harry-potter-2-768x1133.jpeg 768w, https:\/\/kinderbuch.blog\/wp-content\/uploads\/2018\/08\/harry-potter-und-die-kammer-des-schreckens-harry-potter-2-694x1024.jpeg 694w, https:\/\/kinderbuch.blog\/wp-content\/uploads\/2018\/08\/harry-potter-und-die-kammer-des-schreckens-harry-potter-2.jpeg 1085w\" sizes=\"(max-width: 203px) 100vw, 203px\" \/><\/p>\n<p>&nbsp;<\/p>\n<p>&nbsp;<\/p>\n<p>&nbsp;<\/p>\n<p>&nbsp;<\/p>\n<p>&nbsp;<\/p>\n<p>&nbsp;<\/p>\n<p>&nbsp;<\/p>\n<p>&nbsp;<\/p>\n<p>&nbsp;<\/p>\n<p>&nbsp;<\/p>\n<p>\u00a92018, Carlsen Verlag , ISBN 978-3-551-55742-1<\/p>\n<p><a href=\"http:\/\/www.carlsen.de\">www.carlsen.de<\/a><\/p>\n<p>&nbsp;<\/p>\n<p><strong>\u201eHarry Potter und der Gefangene von Askaban\u201c von J.K.Rowling (1999)<\/strong><\/p>\n<p>Lesealter: ab 10 Jahre<\/p>\n<p><img loading=\"lazy\" class=\"alignleft size-medium wp-image-1416\" src=\"http:\/\/kinderbuch.blog\/wp-content\/uploads\/2018\/08\/harry-potter-und-der-gefangene-von-askaban-harry-potter-3-203x300.jpeg\" alt=\"\" width=\"203\" height=\"300\" srcset=\"https:\/\/kinderbuch.blog\/wp-content\/uploads\/2018\/08\/harry-potter-und-der-gefangene-von-askaban-harry-potter-3-203x300.jpeg 203w, https:\/\/kinderbuch.blog\/wp-content\/uploads\/2018\/08\/harry-potter-und-der-gefangene-von-askaban-harry-potter-3-768x1134.jpeg 768w, https:\/\/kinderbuch.blog\/wp-content\/uploads\/2018\/08\/harry-potter-und-der-gefangene-von-askaban-harry-potter-3-694x1024.jpeg 694w, https:\/\/kinderbuch.blog\/wp-content\/uploads\/2018\/08\/harry-potter-und-der-gefangene-von-askaban-harry-potter-3.jpeg 1084w\" sizes=\"(max-width: 203px) 100vw, 203px\" \/><\/p>\n<p>&nbsp;<\/p>\n<p>&nbsp;<\/p>\n<p>&nbsp;<\/p>\n<p>&nbsp;<\/p>\n<p>&nbsp;<\/p>\n<p>&nbsp;<\/p>\n<p>&nbsp;<\/p>\n<p>&nbsp;<\/p>\n<p>&nbsp;<\/p>\n<p>&nbsp;<\/p>\n<p>\u00a92018, Carlsen Verlag , ISBN 978-3-551-55743-8<\/p>\n<p><a href=\"http:\/\/www.carlsen.de\">www.carlsen.de<\/a><\/p>\n<p>&nbsp;<\/p>\n<p><strong>\u201eHarry Potter und der Feuerkelch\u201c von J.K. Rowling (2000)<\/strong><\/p>\n<p>Lesealter: ab 10 Jahre<\/p>\n<p><img loading=\"lazy\" class=\"alignleft size-medium wp-image-1417\" src=\"http:\/\/kinderbuch.blog\/wp-content\/uploads\/2018\/08\/Harry-Potter-und-der-Feuerkelch-205x300.jpg\" alt=\"\" width=\"205\" height=\"300\" srcset=\"https:\/\/kinderbuch.blog\/wp-content\/uploads\/2018\/08\/Harry-Potter-und-der-Feuerkelch-205x300.jpg 205w, https:\/\/kinderbuch.blog\/wp-content\/uploads\/2018\/08\/Harry-Potter-und-der-Feuerkelch.jpg 341w\" sizes=\"(max-width: 205px) 100vw, 205px\" \/><\/p>\n<p>&nbsp;<\/p>\n<p>&nbsp;<\/p>\n<p>&nbsp;<\/p>\n<p>&nbsp;<\/p>\n<p>&nbsp;<\/p>\n<p>&nbsp;<\/p>\n<p>&nbsp;<\/p>\n<p>&nbsp;<\/p>\n<p>&nbsp;<\/p>\n<p>&nbsp;<\/p>\n<p>\u00a92018, Carlsen Verlag , ISBN 978-3551557445<\/p>\n<p><a href=\"http:\/\/www.carlsen.de\">www.carlsen.de<\/a><\/p>\n<p>&nbsp;<\/p>\n<p><strong>\u201eHarry Potter und der Orden des Ph\u00f6nix\u201c von J.K. Rowling (2003)<\/strong><\/p>\n<p>Lesealter: ab 10 Jahre<\/p>\n<p><img loading=\"lazy\" class=\"alignleft size-medium wp-image-1418\" src=\"http:\/\/kinderbuch.blog\/wp-content\/uploads\/2018\/08\/Harry-Potter-und-der-Orden-des-Ph\u00f6nix-204x300.jpg\" alt=\"\" width=\"204\" height=\"300\" srcset=\"https:\/\/kinderbuch.blog\/wp-content\/uploads\/2018\/08\/Harry-Potter-und-der-Orden-des-Ph\u00f6nix-204x300.jpg 204w, https:\/\/kinderbuch.blog\/wp-content\/uploads\/2018\/08\/Harry-Potter-und-der-Orden-des-Ph\u00f6nix.jpg 339w\" sizes=\"(max-width: 204px) 100vw, 204px\" \/><\/p>\n<p>&nbsp;<\/p>\n<p>&nbsp;<\/p>\n<p>&nbsp;<\/p>\n<p>&nbsp;<\/p>\n<p>&nbsp;<\/p>\n<p>&nbsp;<\/p>\n<p>&nbsp;<\/p>\n<p>&nbsp;<\/p>\n<p>&nbsp;<\/p>\n<p>&nbsp;<\/p>\n<p>\u00a92018, Carlsen Verlag , ISBN 978-3551557452<\/p>\n<p><a href=\"http:\/\/www.carlsen.de\">www.carlsen.de<\/a><\/p>\n<p><strong>\u201eHarry Potter und der Halbblutprinz\u201c von J.K. Rowling (2005)<\/strong><\/p>\n<p>Lesealter: ab 10 Jahre<\/p>\n<p><img loading=\"lazy\" class=\"alignleft size-medium wp-image-1419\" src=\"http:\/\/kinderbuch.blog\/wp-content\/uploads\/2018\/08\/harry-potter-und-der-halbblutprinz-harry-potter-6-204x300.jpeg\" alt=\"\" width=\"204\" height=\"300\" srcset=\"https:\/\/kinderbuch.blog\/wp-content\/uploads\/2018\/08\/harry-potter-und-der-halbblutprinz-harry-potter-6-204x300.jpeg 204w, https:\/\/kinderbuch.blog\/wp-content\/uploads\/2018\/08\/harry-potter-und-der-halbblutprinz-harry-potter-6-768x1131.jpeg 768w, https:\/\/kinderbuch.blog\/wp-content\/uploads\/2018\/08\/harry-potter-und-der-halbblutprinz-harry-potter-6-695x1024.jpeg 695w, https:\/\/kinderbuch.blog\/wp-content\/uploads\/2018\/08\/harry-potter-und-der-halbblutprinz-harry-potter-6.jpeg 1086w\" sizes=\"(max-width: 204px) 100vw, 204px\" \/><\/p>\n<p>&nbsp;<\/p>\n<p>&nbsp;<\/p>\n<p>&nbsp;<\/p>\n<p>&nbsp;<\/p>\n<p>&nbsp;<\/p>\n<p>&nbsp;<\/p>\n<p>&nbsp;<\/p>\n<p>&nbsp;<\/p>\n<p>&nbsp;<\/p>\n<p>&nbsp;<\/p>\n<p>\u00a92018, Carlsen Verlag , ISBN 978-3-551-55746-9<\/p>\n<p><a href=\"http:\/\/www.carlsen.de\">www.carlsen.de<\/a><\/p>\n<p>&nbsp;<\/p>\n<p><strong>\u201eHarry Potter und die Heiligt\u00fcmer des Todes\u201c von J.K. Rowling (2007)<\/strong><\/p>\n<p>Lesealter: ab 10 Jahre<\/p>\n<p><img loading=\"lazy\" class=\"alignleft size-medium wp-image-1420\" src=\"http:\/\/kinderbuch.blog\/wp-content\/uploads\/2018\/08\/harry-potter-und-die-heiligtmer-des-todes-harry-potter-7-204x300.jpeg\" alt=\"\" width=\"204\" height=\"300\" srcset=\"https:\/\/kinderbuch.blog\/wp-content\/uploads\/2018\/08\/harry-potter-und-die-heiligtmer-des-todes-harry-potter-7-204x300.jpeg 204w, https:\/\/kinderbuch.blog\/wp-content\/uploads\/2018\/08\/harry-potter-und-die-heiligtmer-des-todes-harry-potter-7-768x1130.jpeg 768w, https:\/\/kinderbuch.blog\/wp-content\/uploads\/2018\/08\/harry-potter-und-die-heiligtmer-des-todes-harry-potter-7-696x1024.jpeg 696w, https:\/\/kinderbuch.blog\/wp-content\/uploads\/2018\/08\/harry-potter-und-die-heiligtmer-des-todes-harry-potter-7.jpeg 1087w\" sizes=\"(max-width: 204px) 100vw, 204px\" \/><\/p>\n<p>&nbsp;<\/p>\n<p>&nbsp;<\/p>\n<p>&nbsp;<\/p>\n<p>&nbsp;<\/p>\n<p>&nbsp;<\/p>\n<p>&nbsp;<\/p>\n<p>&nbsp;<\/p>\n<p>&nbsp;<\/p>\n<p>&nbsp;<\/p>\n<p>&nbsp;<\/p>\n<p>\u00a92018, Carlsen Verlag , ISBN 978-3-551-55747-6<\/p>\n<p><a href=\"http:\/\/www.carlsen.de\">www.carlsen.de<\/a><\/p>\n<p>&nbsp;<\/p>\n<p>&nbsp;<\/p>\n<p>Wer in Sachen Harry Potter auf dem Laufenden bleiben m\u00f6chte, dem empfehle ich neben J.K. Rowling\u2019s Seite www.pottermore.com vor allen Dingen auch die deutschsprachige Seite <a href=\"http:\/\/www.carlsen-harrypotter.de\">www.carlsen-harrypotter.de<\/a> und den dazugeh\u00f6rigen Newsletter.<\/p>\n<p>&nbsp;<\/p>\n<p><strong>Noch mehr Geschichten hinter der Geschichte von Harry Potter\u2026<\/strong><\/p>\n<p>Aber auch erw\u00e4hnenswerte Sekund\u00e4rliteratur ist dieses Jahr im Carlsen Verlag erschienen. In \u201eEine Geschichte voller Magie\u201c sind Exponate und Informationen der erfolgreichen Ausstellung \u00a0\u201eHarry Potter: A History of Magic\u201c aus dem Jahr 2017 in London zusammengetragen und bieten einen tiefgreifenden und neuartigen Einblick in die Welt Harry Potters, der magischen Schulbildung und der Sch\u00f6pferin J.K. Rowling. Das Lesealter deutet bereits daraufhin, dass das Buch doch eher den reiferen Harry Potter-leser bzw. \u2013fan als Zielgruppe bedient.<\/p>\n<p><strong>\u201eEine Geschichte voller Magie\u201c von J.K.Rowling und British Library (Hrsg.) (2017)<\/strong><\/p>\n<p>Lesealter: ab 14 Jahre<\/p>\n<p><img loading=\"lazy\" class=\"alignleft size-medium wp-image-1421\" src=\"http:\/\/kinderbuch.blog\/wp-content\/uploads\/2018\/08\/Eine-Geschichte-voller-Magie-252x300.jpg\" alt=\"\" width=\"252\" height=\"300\" srcset=\"https:\/\/kinderbuch.blog\/wp-content\/uploads\/2018\/08\/Eine-Geschichte-voller-Magie-252x300.jpg 252w, https:\/\/kinderbuch.blog\/wp-content\/uploads\/2018\/08\/Eine-Geschichte-voller-Magie.jpg 420w\" sizes=\"(max-width: 252px) 100vw, 252px\" \/><\/p>\n<p>&nbsp;<\/p>\n<p>&nbsp;<\/p>\n<p>&nbsp;<\/p>\n<p>&nbsp;<\/p>\n<p>&nbsp;<\/p>\n<p>&nbsp;<\/p>\n<p>&nbsp;<\/p>\n<p>&nbsp;<\/p>\n<p>&nbsp;<\/p>\n<p>&nbsp;<\/p>\n<p>\u00a92018, Carlsen Verlag, ISBN 978-3551556998<\/p>\n<p>www.carlsen.de<\/p>\n","protected":false},"excerpt":{"rendered":"<p>Zeitgleich mit der Jubil\u00e4umslesung Rufus Beck&#8217;s erscheint am 31.8.2018 eine Jubil\u00e4umsausgabe der sieben Harry Potter-B\u00e4nde im Carlsen Verlag. Hatten bisher Bilder der deutschen Zeichnerin und Illustratorin Sabine Wilharm die Bucheinb\u00e4nde geziert, werden zum 20-j\u00e4hrigen Jubil\u00e4um in Deutschland die Hardcover-B\u00e4nde in neuem Einbandkleid herausgebracht. Die Taschenb\u00fccher sind weiterhin mit den Bildern von Wilharm versehen. F\u00fcr die Gestaltung \u00a0der neuen Cover ist [&#8230;]<\/p>\n","protected":false},"author":1,"featured_media":1413,"comment_status":"open","ping_status":"open","sticky":false,"template":"","format":"standard","meta":[],"categories":[33],"tags":[],"_links":{"self":[{"href":"https:\/\/kinderbuch.blog\/index.php?rest_route=\/wp\/v2\/posts\/1443"}],"collection":[{"href":"https:\/\/kinderbuch.blog\/index.php?rest_route=\/wp\/v2\/posts"}],"about":[{"href":"https:\/\/kinderbuch.blog\/index.php?rest_route=\/wp\/v2\/types\/post"}],"author":[{"embeddable":true,"href":"https:\/\/kinderbuch.blog\/index.php?rest_route=\/wp\/v2\/users\/1"}],"replies":[{"embeddable":true,"href":"https:\/\/kinderbuch.blog\/index.php?rest_route=%2Fwp%2Fv2%2Fcomments&post=1443"}],"version-history":[{"count":7,"href":"https:\/\/kinderbuch.blog\/index.php?rest_route=\/wp\/v2\/posts\/1443\/revisions"}],"predecessor-version":[{"id":1451,"href":"https:\/\/kinderbuch.blog\/index.php?rest_route=\/wp\/v2\/posts\/1443\/revisions\/1451"}],"wp:featuredmedia":[{"embeddable":true,"href":"https:\/\/kinderbuch.blog\/index.php?rest_route=\/wp\/v2\/media\/1413"}],"wp:attachment":[{"href":"https:\/\/kinderbuch.blog\/index.php?rest_route=%2Fwp%2Fv2%2Fmedia&parent=1443"}],"wp:term":[{"taxonomy":"category","embeddable":true,"href":"https:\/\/kinderbuch.blog\/index.php?rest_route=%2Fwp%2Fv2%2Fcategories&post=1443"},{"taxonomy":"post_tag","embeddable":true,"href":"https:\/\/kinderbuch.blog\/index.php?rest_route=%2Fwp%2Fv2%2Ftags&post=1443"}],"curies":[{"name":"wp","href":"https:\/\/api.w.org\/{rel}","templated":true}]}}