{"id":1438,"date":"2018-08-25T17:44:47","date_gmt":"2018-08-25T17:44:47","guid":{"rendered":"http:\/\/kinderbuch.blog\/?p=1438"},"modified":"2018-08-25T18:00:18","modified_gmt":"2018-08-25T18:00:18","slug":"am-31-8-geht-es-per-livestream-nach-hogwarts","status":"publish","type":"post","link":"https:\/\/kinderbuch.blog\/?p=1438","title":{"rendered":"Am 31.8. geht es per Livestream nach Hogwarts"},"content":{"rendered":"<p>Bald ist es wieder soweit&#8230; Am Bahnhof King\u2018s Cross in London, auf Gleis 9 \u00be, macht sich am 1. September eine aufgeregte Schar Zaubersch\u00fcler auf den Weg ins sagenumwobene Schloss-Internat Hogwarts.<\/p>\n<p><strong>Bereits am 31.8.2018 um 19 Uhr kann man mit Rufus Beck nach Hogwarts reisen&#8230;<\/strong><\/p>\n<p><img loading=\"lazy\" class=\"size-medium wp-image-1412 aligncenter\" src=\"http:\/\/kinderbuch.blog\/wp-content\/uploads\/2018\/08\/Rufus_beck_Live-Stream_800x800-300x300.jpg\" alt=\"\" width=\"300\" height=\"300\" srcset=\"https:\/\/kinderbuch.blog\/wp-content\/uploads\/2018\/08\/Rufus_beck_Live-Stream_800x800-300x300.jpg 300w, https:\/\/kinderbuch.blog\/wp-content\/uploads\/2018\/08\/Rufus_beck_Live-Stream_800x800-150x150.jpg 150w, https:\/\/kinderbuch.blog\/wp-content\/uploads\/2018\/08\/Rufus_beck_Live-Stream_800x800-768x768.jpg 768w, https:\/\/kinderbuch.blog\/wp-content\/uploads\/2018\/08\/Rufus_beck_Live-Stream_800x800-90x90.jpg 90w, https:\/\/kinderbuch.blog\/wp-content\/uploads\/2018\/08\/Rufus_beck_Live-Stream_800x800-75x75.jpg 75w, https:\/\/kinderbuch.blog\/wp-content\/uploads\/2018\/08\/Rufus_beck_Live-Stream_800x800.jpg 800w\" sizes=\"(max-width: 300px) 100vw, 300px\" \/><\/p>\n<p>&nbsp;<\/p>\n<p>\u00a9 Carlsen Verlag<\/p>\n<p>Dass deutsche Kinder und Jugendliche Harry Potter\u2018s erste Fahrt nach Hogwarts mitverfolgen konnten, ist bereits 20 Jahre her. Anl\u00e4sslich der Ersterscheinung der B\u00fccher in Deutschland liest der H\u00f6rbuchsprecher und Schauspieler Rufus Beck live am 31.8.2018 in Hamburg, am 1.9.2018 in Berlin und am 2.9.2018 in M\u00fcnchen aus den Harry Potter-Romanen. Als Gastgeber fungieren der Carlsen Verlag, der H\u00f6rverlag und Audible.<\/p>\n<p>Beck\u2019s \u00a0Lesung in der Hamburger Kulturkirche wird am 31. August ab 19 Uhr per Livestream auf facebook \u00fcbertragen und ist dann f\u00fcr 24 Stunden abrufbar. Hier der Link: \u00a0<a href=\"http:\/\/www.facebook.com\/Buchhelden\">www.facebook.com\/Buchhelden<\/a><\/p>\n<p>Weitere Infos auf : www.carlsen-harrypotter.de<\/p>\n","protected":false},"excerpt":{"rendered":"<p>Bald ist es wieder soweit&#8230; Am Bahnhof King\u2018s Cross in London, auf Gleis 9 \u00be, macht sich am 1. September eine aufgeregte Schar Zaubersch\u00fcler auf den Weg ins sagenumwobene Schloss-Internat Hogwarts. Bereits am 31.8.2018 um 19 Uhr kann man mit Rufus Beck nach Hogwarts reisen&#8230; &nbsp; \u00a9 Carlsen Verlag Dass deutsche Kinder und Jugendliche Harry Potter\u2018s erste Fahrt nach Hogwarts [&#8230;]<\/p>\n","protected":false},"author":1,"featured_media":1434,"comment_status":"open","ping_status":"open","sticky":false,"template":"","format":"standard","meta":[],"categories":[33],"tags":[],"_links":{"self":[{"href":"https:\/\/kinderbuch.blog\/index.php?rest_route=\/wp\/v2\/posts\/1438"}],"collection":[{"href":"https:\/\/kinderbuch.blog\/index.php?rest_route=\/wp\/v2\/posts"}],"about":[{"href":"https:\/\/kinderbuch.blog\/index.php?rest_route=\/wp\/v2\/types\/post"}],"author":[{"embeddable":true,"href":"https:\/\/kinderbuch.blog\/index.php?rest_route=\/wp\/v2\/users\/1"}],"replies":[{"embeddable":true,"href":"https:\/\/kinderbuch.blog\/index.php?rest_route=%2Fwp%2Fv2%2Fcomments&post=1438"}],"version-history":[{"count":2,"href":"https:\/\/kinderbuch.blog\/index.php?rest_route=\/wp\/v2\/posts\/1438\/revisions"}],"predecessor-version":[{"id":1442,"href":"https:\/\/kinderbuch.blog\/index.php?rest_route=\/wp\/v2\/posts\/1438\/revisions\/1442"}],"wp:featuredmedia":[{"embeddable":true,"href":"https:\/\/kinderbuch.blog\/index.php?rest_route=\/wp\/v2\/media\/1434"}],"wp:attachment":[{"href":"https:\/\/kinderbuch.blog\/index.php?rest_route=%2Fwp%2Fv2%2Fmedia&parent=1438"}],"wp:term":[{"taxonomy":"category","embeddable":true,"href":"https:\/\/kinderbuch.blog\/index.php?rest_route=%2Fwp%2Fv2%2Fcategories&post=1438"},{"taxonomy":"post_tag","embeddable":true,"href":"https:\/\/kinderbuch.blog\/index.php?rest_route=%2Fwp%2Fv2%2Ftags&post=1438"}],"curies":[{"name":"wp","href":"https:\/\/api.w.org\/{rel}","templated":true}]}}