{"id":1410,"date":"2018-08-25T12:45:58","date_gmt":"2018-08-25T12:45:58","guid":{"rendered":"http:\/\/kinderbuch.blog\/?p=1410"},"modified":"2019-04-18T07:19:01","modified_gmt":"2019-04-18T07:19:01","slug":"am-1-september-beginnt-das-magische-schuljahr-in-hogwarts-neuigkeiten-und-veranstaltungen-um-harry-potter-in-deutschland","status":"publish","type":"post","link":"https:\/\/kinderbuch.blog\/?p=1410","title":{"rendered":"Neuigkeiten rund um Harry Potter"},"content":{"rendered":"<p>In der Zaubererwelt beginnt am 1. September das neue Schuljahr. Zeit f\u00fcr mich, mich \u00fcber aktuelle Aktionen, Neuerscheinungen und Veranstaltungen rund um den ber\u00fchmten Zauberlehrling zu informieren. Und weil Vorfreude die sch\u00f6nste Freude ist, folgt hier als Ergebnis meiner Recherche ein Ausblick auf die kommenden Jahre:<\/p>\n<p><strong>3.10.2019: Alle 7 Hardcover-B\u00e4nde mit dem neuen Cover von Iacopo Bruno im praktischen Schuber<\/strong><\/p>\n<p>Wer alle 7 B\u00e4nde in neuem Cover erstehen m\u00f6chte, kann diese mit einem kleinen Extra ab dem 3.10. 2019 im Schuber beim Carlsen Verlag erwerben.<\/p>\n<p><strong>Harry Potter: Band 1-7 im Schuber &#8211; mit exklusivem Extra<\/strong><\/p>\n<p>Lesealter: 10 Jahre<\/p>\n<p><img loading=\"lazy\" class=\"alignleft size-medium wp-image-1609\" src=\"http:\/\/kinderbuch.blog\/wp-content\/uploads\/2018\/08\/harry-potter-band-17-im-schuber-mit-exklusivem-extra-h-300x300.jpeg\" alt=\"\" width=\"300\" height=\"300\" srcset=\"https:\/\/kinderbuch.blog\/wp-content\/uploads\/2018\/08\/harry-potter-band-17-im-schuber-mit-exklusivem-extra-h-300x300.jpeg 300w, https:\/\/kinderbuch.blog\/wp-content\/uploads\/2018\/08\/harry-potter-band-17-im-schuber-mit-exklusivem-extra-h-150x150.jpeg 150w, https:\/\/kinderbuch.blog\/wp-content\/uploads\/2018\/08\/harry-potter-band-17-im-schuber-mit-exklusivem-extra-h-768x768.jpeg 768w, https:\/\/kinderbuch.blog\/wp-content\/uploads\/2018\/08\/harry-potter-band-17-im-schuber-mit-exklusivem-extra-h-1024x1024.jpeg 1024w, https:\/\/kinderbuch.blog\/wp-content\/uploads\/2018\/08\/harry-potter-band-17-im-schuber-mit-exklusivem-extra-h-90x90.jpeg 90w, https:\/\/kinderbuch.blog\/wp-content\/uploads\/2018\/08\/harry-potter-band-17-im-schuber-mit-exklusivem-extra-h-75x75.jpeg 75w, https:\/\/kinderbuch.blog\/wp-content\/uploads\/2018\/08\/harry-potter-band-17-im-schuber-mit-exklusivem-extra-h.jpeg 1600w\" sizes=\"(max-width: 300px) 100vw, 300px\" \/><\/p>\n<p>&nbsp;<\/p>\n<p>&nbsp;<\/p>\n<p>&nbsp;<\/p>\n<p>&nbsp;<\/p>\n<p>&nbsp;<\/p>\n<p>&nbsp;<\/p>\n<p>&nbsp;<\/p>\n<p>&nbsp;<\/p>\n<p>&nbsp;<\/p>\n<p>\u00a92019, Carlsen Verlag, ISBN 9783551557407<\/p>\n<p>www.carlsen.de<\/p>\n<table>\n<tbody>\n<tr>\n<td class=\"first\"><\/td>\n<td class=\"last\"><\/td>\n<\/tr>\n<\/tbody>\n<\/table>\n<p><strong style=\"font-size: 0.95em;\">8.10.2019: Jim Kay\u2019s vierter Schmuckband \u201eHarry Potter und der Feuerkelch\u201c\u00a0<\/strong><\/p>\n<p>Anfang Oktober ver\u00f6ffentlicht der Carlsen Verlag den vierten Schmuckband mit dem Titel \u201eHarry Potter und der Feuerkelch\u201c mit Illustrationen von Jim Kay. Kay gibt auf seiner Internetseite www.creepyscrawlers.com einen kleinen \u00a0Ausblick auf einige Drachenskizzen.<\/p>\n<p><strong>&#8222;Harry Potter und der Feuerkelch&#8220; von J.K. Rowling\/Jim Kay(2019)<\/strong><\/p>\n<p>Lesealter:ab 10 Jahren<\/p>\n<p><img loading=\"lazy\" class=\"alignleft size-medium wp-image-1610\" src=\"http:\/\/kinderbuch.blog\/wp-content\/uploads\/2018\/08\/harry-potter-und-der-feuerkelch-farbig-illustrierte-schmuck-254x300.jpeg\" alt=\"\" width=\"254\" height=\"300\" srcset=\"https:\/\/kinderbuch.blog\/wp-content\/uploads\/2018\/08\/harry-potter-und-der-feuerkelch-farbig-illustrierte-schmuck-254x300.jpeg 254w, https:\/\/kinderbuch.blog\/wp-content\/uploads\/2018\/08\/harry-potter-und-der-feuerkelch-farbig-illustrierte-schmuck-768x909.jpeg 768w, https:\/\/kinderbuch.blog\/wp-content\/uploads\/2018\/08\/harry-potter-und-der-feuerkelch-farbig-illustrierte-schmuck-865x1024.jpeg 865w, https:\/\/kinderbuch.blog\/wp-content\/uploads\/2018\/08\/harry-potter-und-der-feuerkelch-farbig-illustrierte-schmuck.jpeg 1352w\" sizes=\"(max-width: 254px) 100vw, 254px\" \/><\/p>\n<p>&nbsp;<\/p>\n<p>&nbsp;<\/p>\n<p>&nbsp;<\/p>\n<p>&nbsp;<\/p>\n<p>&nbsp;<\/p>\n<p>&nbsp;<\/p>\n<p>&nbsp;<\/p>\n<p>&nbsp;<\/p>\n<p>&nbsp;<\/p>\n<p>&nbsp;<\/p>\n<p>\u00a92019, Carlsen Verlag, ISBN 9783551559043<\/p>\n<p>www.carlsen.de<\/p>\n<p>&nbsp;<\/p>\n<p><strong>Fr\u00fchjahr 2020: \u201eHarry Potter und das verwunschene Kind\u201c\u00a0 in Hamburg<\/strong><\/p>\n<p>Ab Fr\u00fchjahr 2020 wird das B\u00fchnenst\u00fcck \u201eHarry Potter und das verwunschene Kind\u201c\u00a0 im Mehr!Theater am Gro\u00dfmarkt in Hamburg zu sehen sein. Derzeit l\u00e4uft bereits der Vorverkauf der Karten.<\/p>\n<p><img loading=\"lazy\" class=\"size-medium wp-image-1425 aligncenter\" src=\"http:\/\/kinderbuch.blog\/wp-content\/uploads\/2018\/08\/Theaterst\u00fcck-Harry-Potter-und-das-verwunschene-Kind-in-Hamburg-300x185.jpg\" alt=\"\" width=\"300\" height=\"185\" srcset=\"https:\/\/kinderbuch.blog\/wp-content\/uploads\/2018\/08\/Theaterst\u00fcck-Harry-Potter-und-das-verwunschene-Kind-in-Hamburg-300x185.jpg 300w, https:\/\/kinderbuch.blog\/wp-content\/uploads\/2018\/08\/Theaterst\u00fcck-Harry-Potter-und-das-verwunschene-Kind-in-Hamburg.jpg 600w\" sizes=\"(max-width: 300px) 100vw, 300px\" \/><\/p>\n<p>\u00a92018, HPTheaterDE<\/p>\n<p>Das Plakat, n\u00e4here \u00a0Informationen und den Newsletter zu \u201eHarry Potter und das verwunschene Kind\u201c \u00a0des Mehr!Theaters findest du hier:<\/p>\n<p>www.harry-potter-theater.de<\/p>\n","protected":false},"excerpt":{"rendered":"<p>In der Zaubererwelt beginnt am 1. September das neue Schuljahr. Zeit f\u00fcr mich, mich \u00fcber aktuelle Aktionen, Neuerscheinungen und Veranstaltungen rund um den ber\u00fchmten Zauberlehrling zu informieren. Und weil Vorfreude die sch\u00f6nste Freude ist, folgt hier als Ergebnis meiner Recherche ein Ausblick auf die kommenden Jahre: 3.10.2019: Alle 7 Hardcover-B\u00e4nde mit dem neuen Cover von Iacopo Bruno im praktischen Schuber [&#8230;]<\/p>\n","protected":false},"author":1,"featured_media":1610,"comment_status":"open","ping_status":"open","sticky":false,"template":"","format":"standard","meta":[],"categories":[33],"tags":[],"_links":{"self":[{"href":"https:\/\/kinderbuch.blog\/index.php?rest_route=\/wp\/v2\/posts\/1410"}],"collection":[{"href":"https:\/\/kinderbuch.blog\/index.php?rest_route=\/wp\/v2\/posts"}],"about":[{"href":"https:\/\/kinderbuch.blog\/index.php?rest_route=\/wp\/v2\/types\/post"}],"author":[{"embeddable":true,"href":"https:\/\/kinderbuch.blog\/index.php?rest_route=\/wp\/v2\/users\/1"}],"replies":[{"embeddable":true,"href":"https:\/\/kinderbuch.blog\/index.php?rest_route=%2Fwp%2Fv2%2Fcomments&post=1410"}],"version-history":[{"count":14,"href":"https:\/\/kinderbuch.blog\/index.php?rest_route=\/wp\/v2\/posts\/1410\/revisions"}],"predecessor-version":[{"id":1611,"href":"https:\/\/kinderbuch.blog\/index.php?rest_route=\/wp\/v2\/posts\/1410\/revisions\/1611"}],"wp:featuredmedia":[{"embeddable":true,"href":"https:\/\/kinderbuch.blog\/index.php?rest_route=\/wp\/v2\/media\/1610"}],"wp:attachment":[{"href":"https:\/\/kinderbuch.blog\/index.php?rest_route=%2Fwp%2Fv2%2Fmedia&parent=1410"}],"wp:term":[{"taxonomy":"category","embeddable":true,"href":"https:\/\/kinderbuch.blog\/index.php?rest_route=%2Fwp%2Fv2%2Fcategories&post=1410"},{"taxonomy":"post_tag","embeddable":true,"href":"https:\/\/kinderbuch.blog\/index.php?rest_route=%2Fwp%2Fv2%2Ftags&post=1410"}],"curies":[{"name":"wp","href":"https:\/\/api.w.org\/{rel}","templated":true}]}}