{"id":1301,"date":"2018-07-18T09:46:19","date_gmt":"2018-07-18T09:46:19","guid":{"rendered":"http:\/\/kinderbuch.blog\/?p=1301"},"modified":"2018-07-20T10:01:46","modified_gmt":"2018-07-20T10:01:46","slug":"taschenbuch-sommeraktion-2018-vier-leseabenteuer-fuer-kinder-und-jugendliche","status":"publish","type":"post","link":"https:\/\/kinderbuch.blog\/?p=1301","title":{"rendered":"Oetinger-Sommeraktion 2018 \u2013 Vier Leseabenteuer f\u00fcr Kinder und Jugendliche"},"content":{"rendered":"<p>Wer f\u00fcr sich oder seine Kinder ab 10 Jahren noch wertvolles Lesefutter f\u00fcr die Ferien sucht, der wird sicherlich bei der Sommeraktion des Oetinger Verlags f\u00fcndig! P\u00fcnktlich zu den Sommerferien sind vom Verlag vier Leseabenteuer f\u00fcr Kinder und Jugendliche zu jeweils 6 Euro herausgebracht worden. Unter den vier Abenteuerb\u00fcchern finden sich auch drei namhafte Klassiker der Kinder- und Jugendliteratur der letzten 75 Jahre. Alle Taschenb\u00fccher sind als Lekt\u00fcre f\u00fcr Jungen und M\u00e4dchen gleicherma\u00dfen geeignet. Wem die B\u00fccher gefallen, findet auch eine Fortsetzung des Werks. Hier eine \u00dcbersicht \u00fcber die vier Leseabenteuer, die mich auch ohne Illustrationen g\u00e4nzlich \u00fcberzeugt haben:<\/p>\n<p><strong>\u201eDie Insel der Abenteuer\u201c von Enid Blyton (1944)<\/strong><\/p>\n<p>Lesealter: 10- 12 Jahre<\/p>\n<p><img loading=\"lazy\" class=\"alignleft size-medium wp-image-1305\" src=\"http:\/\/kinderbuch.blog\/wp-content\/uploads\/2018\/07\/Die-Insel-der-Abenteuer-Sommeraktion-Oetinger-198x300.jpg\" alt=\"\" width=\"198\" height=\"300\" srcset=\"https:\/\/kinderbuch.blog\/wp-content\/uploads\/2018\/07\/Die-Insel-der-Abenteuer-Sommeraktion-Oetinger-198x300.jpg 198w, https:\/\/kinderbuch.blog\/wp-content\/uploads\/2018\/07\/Die-Insel-der-Abenteuer-Sommeraktion-Oetinger.jpg 329w\" sizes=\"(max-width: 198px) 100vw, 198px\" \/><\/p>\n<p>&nbsp;<\/p>\n<p>&nbsp;<\/p>\n<p>&nbsp;<\/p>\n<p>&nbsp;<\/p>\n<p>&nbsp;<\/p>\n<p>&nbsp;<\/p>\n<p>&nbsp;<\/p>\n<p>&nbsp;<\/p>\n<p>&nbsp;<\/p>\n<p>&nbsp;<\/p>\n<p>&nbsp;<\/p>\n<p>\u00a92018, Oetinger Verlag, ISBN978-3841505392<\/p>\n<p><a href=\"http:\/\/www.oetinger.de\">www.oetinger.de<\/a><\/p>\n<p>Bei dem Kinderbuch \u201eInsel der Abenteuer\u201c handelt es sich um den Auftakt der achtteiligen \u201eAbenteuer-Reihe\u201c, die Enid Blyton zwischen 1944 und 1955 verfasste. In jedem Band veschl\u00e4gt es die vier Kinder an einen anderen abenteuerlichen Ort: Insel, Burg, Tal, See, Berg, Schiff, Zirkus und Fluss.<\/p>\n<p><strong>Davon handelt das Buch: <\/strong><\/p>\n<p>Es sind Sommerferien und Philip muss Unterrichtstoff in der Ferienschule von Mr. Roy nachholen. Hier lernt er auch das Geschwisterpaar Jack und Lucy\u00a0 mit ihrem witzigen Papagei Kiki kennen, die das gleiche Los teilen. Spontan l\u00e4dt Philipp die beiden Kinder ein, ihm und seiner Schwester Dina f\u00fcr den Rest der Ferien bei seiner Tante Polly Gesellschaft zu leisten. Die Kinder machen N\u00e4gel mit K\u00f6pfen und begeben sich auf eigene Faust nach Felseneck, das Haus von Tante Polly. Diese ist zun\u00e4chst wenig begeistert, als allerdings f\u00fcr den Unterhalt der beiden verwaisten Ferieng\u00e4ste aufgekommen wird, gibt sie schliesslich den Bitten der Kinder nach. Nun beginnt f\u00fcr die vier Ferieng\u00e4ste eine tolle Zeit, denn es gibt im und um das Anwesen Felseneck viel zu erkunden. Besonders die unheimliche Toteninsel, die in Sichtweite liegt, weckt die Neugier der Abenteurer. So bleibt den Kindern nicht lange verborgen, dass nachts Licht auf der unbewohnten Insel aufleuchtet, auch finden sie Vorr\u00e4te und h\u00f6ren in unterirdischen G\u00e4ngen merkw\u00fcrdige Ger\u00e4usche. Schnell geraten zwei Personen in den Verdacht, etwas mit den Vorkommnissen auf der unheimlichen Insel zu tun zu haben: der Einsiedler Bill Smugs, der versteckt an der K\u00fcste lebt und vorgibt sich f\u00fcr die V\u00f6gel der Toteninsel zu interessieren und Joe, der m\u00fcrrische Hausmeister von Felseneck, der mit dem Boot auch nachts unterwegs ist und die Kinder auf Schritt und Tritt misstrauisch verfolgt&#8230; Ganz zum Schluss kl\u00e4rt sich alles auf und es wird klar, dass die Kinder sich mit mehreren Kriminellen, der \u00fcbelsten Sorte, angelegt haben. Jetzt kann Ihnen nur noch ihre gute Ortskenntnis und ein Plan helfen! Wie in allen Enid Blyton-B\u00fccher geht die Geschichte gut aus und als Dreingabe gibt es auch im Privaten ein Happy-End f\u00fcr die beiden Geschwisterpaare, die ab nun f\u00fcr immer bei Philips und Dinas Mutter zusammenleben k\u00f6nnen.<\/p>\n<p><strong>Meine Meinung:<\/strong><\/p>\n<p>Der Band &#8222;Die Insel der Abenteuer&#8220; hat alles, was einen guten Thriller ausmacht: eine schaurige Kulisse, unheimliche Geheimg\u00e4nge, zwielichtige Personen, bei denen man nicht wei\u00df, ob sie Freund oder Feind sind und einen lebensbedrohlichen, actionreichen Showdown.<\/p>\n<p>Das Buch bietet ein spannendes Sommerabenteuer, das den Leser an die d\u00fcsteren K\u00fcsten und Klippen Englands mitnimmt.<\/p>\n<p><strong>Fortsetzung:<\/strong><\/p>\n<p>In Enid Blytons \u201eAbenteuer-Reihe\u201c sind noch sieben Folgeb\u00e4nde erschienen.<\/p>\n<p>&nbsp;<\/p>\n<p><strong>\u201eTimm Thaler oder das verkaufte Lachen\u201c von James Kr\u00fcss (1962)<\/strong><\/p>\n<p>Lesealter: 10-12 Jahre<\/p>\n<p><img loading=\"lazy\" class=\"alignleft size-medium wp-image-1306\" src=\"http:\/\/kinderbuch.blog\/wp-content\/uploads\/2018\/07\/Timm-Thaler-Sommeraktion-Oetinger-198x300.jpg\" alt=\"\" width=\"198\" height=\"300\" srcset=\"https:\/\/kinderbuch.blog\/wp-content\/uploads\/2018\/07\/Timm-Thaler-Sommeraktion-Oetinger-198x300.jpg 198w, https:\/\/kinderbuch.blog\/wp-content\/uploads\/2018\/07\/Timm-Thaler-Sommeraktion-Oetinger.jpg 329w\" sizes=\"(max-width: 198px) 100vw, 198px\" \/><\/p>\n<p>&nbsp;<\/p>\n<p>&nbsp;<\/p>\n<p>&nbsp;<\/p>\n<p>&nbsp;<\/p>\n<p>&nbsp;<\/p>\n<p>&nbsp;<\/p>\n<p>&nbsp;<\/p>\n<p>&nbsp;<\/p>\n<p>&nbsp;<\/p>\n<p>&nbsp;<\/p>\n<p>&nbsp;<\/p>\n<p>\u00a92018, Oetinger Verlag, ISBN 978-3841505378<\/p>\n<p><a href=\"http:\/\/www.oetinger.de\">www.oetinger.de<\/a><\/p>\n<p>1962 erschien der Kinderroman \u201eTimm Thaler oder das verkaufte Lachen\u201c des deutschen Autoren und Dichters James Kr\u00fcss. Dass das Buch auch heute an Aktualit\u00e4t nicht verloren hat, erkennt man an der Tatsache, dass es als Verfilmung im Fr\u00fchjahr 2017 in deutschen Kinos zu sehen war. Von der Film- und Medienbewertung wurde der Film als \u201ewertvoll\u201c bezeichnet.<\/p>\n<p>1960 hatte James Kr\u00fcss f\u00fcr seinen Kinderroman \u201eMein Urgro\u00dfvater und ich\u201c den Jugendbuchpreis erhalten, dennoch gilt \u201eTimm Thaler\u201c als sein popul\u00e4rstes Werk.<\/p>\n<p><strong>Davon handelt das Buch:<\/strong><\/p>\n<p>Die Waise Timm Thaler hat keine leichte Kindheit, doch eins ist Timm geblieben: sein drolliges Lachen, bei dem anderen Menschen das Herz aufgeht. Um seiner Stiefmutter aus der Bredouille zu helfen, verkauft er an einem Sonntag sein Lachen an einen mysteri\u00f6sen Herrn in einem karierten Anzug. Dieser stellt sich als Herr Lefuet vor und wer jetzt den Namen r\u00fcckw\u00e4rts liest, erkennt mit wem Timm es zu tun hatte. Ab jetzt gewinnt Timm jede Wette und gelangt zu gro\u00dfem Reichtum. Doch einen bitteren Nachgeschmack hat das Ganze: Timm kann nicht mehr lachen und Freude ausdr\u00fccken. Mit 14 Jahren verl\u00e4sst Timm sein freudloses Zuhause und nimmt die Spur des dubiosen Gesch\u00e4ftsmann auf, der sich auch als Baron Lefuet ausgibt. Timm Thaler beschlie\u00dft sein Lachen wieder zu erlangen. Bei seiner Suche findet Timm Freunde, die ebenfalls einen fatalen Vertrag mit dem Baron Lefuet eingegangen sind. Timms erster Versuch den Baron mit einer Wette zu besiegen scheitert. Doch schlie\u00dflich f\u00e4llt Timm noch eine List ein und er steht am Ende genauso arm wie vorher da, aber er hat treue Freunde und sein Lachen wieder. Vom Baron Lefuet, berichtet der Autor &#8222;Boy&#8220; in der Rahmenhandlung, dass er sich in sein Schloss in Mesopotamien zur\u00fcckgezogen habe. Dennoch erschrickt der Schriftsteller &#8222;Boy&#8220; nach Abschluss des Buches \u00fcber Timm Thaler als er im Zug erneut auf den unheimlichen Gesch\u00e4ftsmann Signore Grandizzi trifft. Dieser m\u00f6chte die Ver\u00f6ffentlichung des Buches verhindern, scheitert aber. In einem R\u00fcckblick berichtet Boy, dass sich Timm mit einem Marionettentheater selbstst\u00e4ndig machte. Der Baron bewegt sich weiterhin in der Gesellschaft und nennt sich jetzt Pr\u00e4sident.<\/p>\n<p><strong>Meine Meinung:<\/strong><\/p>\n<p>Das Buch hat eine Rahmenhandlung und f\u00fchrt dann durch die Lebensgeschichte des jungen Timm Thalers. Meiner Meinung nach ist das Buch erst ab einem Alter von 12 Jahren zu empfehlen.<\/p>\n<p>Das Buch baut eine gro\u00dfartige, d\u00fcstere Spannung auf und schildert tiefgehend die Gef\u00fchlswelt des Timm Thalers. Ein Jugendbuchklassiker, der unter die Haut geht und zugleich lehrreich ist!<\/p>\n<p><strong>Fortsetzung:<\/strong><\/p>\n<p>Der Folgeband hei\u00dft \u201eTimm Thalers Puppen\u201c und wurde 1977 von James Kr\u00fcss ver\u00f6ffentlicht.<\/p>\n<p>&nbsp;<\/p>\n<p><strong>\u201eLippels Traum\u201c von Paul Maar (1984)<\/strong><\/p>\n<p>Lesealter: 10-12 Jahre<\/p>\n<p><img loading=\"lazy\" class=\"alignleft size-full wp-image-1307\" src=\"http:\/\/kinderbuch.blog\/wp-content\/uploads\/2018\/07\/Lippels-Traum-Sommeraktion-Oetinger.png\" alt=\"\" width=\"176\" height=\"266\" \/><\/p>\n<p>&nbsp;<\/p>\n<p>&nbsp;<\/p>\n<p>&nbsp;<\/p>\n<p>&nbsp;<\/p>\n<p>&nbsp;<\/p>\n<p>&nbsp;<\/p>\n<p>&nbsp;<\/p>\n<p>&nbsp;<\/p>\n<p>&nbsp;<\/p>\n<p>&nbsp;<\/p>\n<p>\u00a92018, Oetinger Verlag, ISBN 978-3841505385<\/p>\n<p>www.oetinger.de<\/p>\n<p>Dem Lippel (, der eigentlich Philipp hei\u00dft und nur von seinen Eltern so gerufen wird,) geht es im Buch so wie mir als Kind &#8211; er musste sich was einfallen lassen, um abends etwas l\u00e4nger weiterlesen zu k\u00f6nnen. Ich musste regelm\u00e4\u00dfig die Stromsicherung zum Kinderzimmer wieder einschalten oder ins ungem\u00fctliche Badezimmer umziehen. Lippel hat aber eine tolle L\u00f6sung gefunden: er versteckt sich abends heimlich im Kabuff unter der Treppe. Dort gibt es neben sp\u00e4rlichem Licht auch immer einen Kasten Limonade.<\/p>\n<p>So ist in Lippels Leben soweit alles in Ordnung, doch dann m\u00fcssen seine Eltern aus beruflichen Gr\u00fcnden eine Woche verreisen. Lippel g\u00f6nnt ihnen diese Reise und willigt ein von der unsympathischen Frau Jakob betreut zu werden. Diese kommt allerdings bereits am ersten Abend hinter Lippels ausgekl\u00fcgeltes Leseversteck und nimmt ihm zu allem \u00dcberfluss sogar seine spannende Lekt\u00fcre weg. \u201eDie Erz\u00e4hlungen aus den Tausendundein N\u00e4chten\u201c hatten ihm seine Eltern extra f\u00fcr die Woche geschenkt! Doch Lippel, der von der spannenden Geschichten des Prinzen Asslam und dessen Schwester Hamide begeistert ist, beschlie\u00dft jeden Abend einfach die Erz\u00e4hlung aus dem Morgenland weiterzutr\u00e4umen. Und zu seinem eigenen Erstaunen klappt das auch! Und so ger\u00e4t er mitten hinein in ein Abenteuer, steht den K\u00f6nigskindern bei und unternimmt mit ihnen eine gef\u00e4hrliche Reise. Auff\u00e4lligerweise\u00a0 flie\u00dfen auch kleine Begebenheiten des Alltags oder Figuren in Lippels n\u00e4chtliche Traumwelt ein. Dank der Unterst\u00fctzung der gutherzigen Nachbarin Frau Jeschke nimmt Lippels Woche\u00a0 ohne Eltern ein gutes Ende. Und Lippels Mutter steuert zum Schluss auch Lippels Traum ein m\u00e4rchenhaftes Ende bei.<\/p>\n<p><strong>Meine Meinung:<\/strong><\/p>\n<p>Ein wundervolles Kinderbuch, das unterh\u00e4lt und Empathie f\u00f6rdert. Paul Maar erhielt 1985 f\u00fcr seinen Kinderroman \u201eLippels Traum\u201c den \u00d6sterreichischen Staatspreis f\u00fcr Kinder- und Jugendliteratur.<\/p>\n<p>Die Taschenbuchausgabe der Sommeraktion enth\u00e4lt keine Illustrationen, was aber der tollen Geschichte keinen Abbruch erteilt. Die Erstausgabe aus dem Jahr 1984, die auch bereits im Oetinger Verlag erschien, wurde kindgerecht von Paul Maar illustriert. Hier ein Bild des Einbands, der auch von Maar gestaltet wurde:<\/p>\n<p><img loading=\"lazy\" class=\"alignleft size-medium wp-image-1335\" src=\"http:\/\/kinderbuch.blog\/wp-content\/uploads\/2018\/07\/Lippels-Traum-Paul-Maar-300x185.jpg\" alt=\"\" width=\"300\" height=\"185\" srcset=\"https:\/\/kinderbuch.blog\/wp-content\/uploads\/2018\/07\/Lippels-Traum-Paul-Maar-300x185.jpg 300w, https:\/\/kinderbuch.blog\/wp-content\/uploads\/2018\/07\/Lippels-Traum-Paul-Maar-768x474.jpg 768w, https:\/\/kinderbuch.blog\/wp-content\/uploads\/2018\/07\/Lippels-Traum-Paul-Maar-1024x632.jpg 1024w, https:\/\/kinderbuch.blog\/wp-content\/uploads\/2018\/07\/Lippels-Traum-Paul-Maar.jpg 1080w\" sizes=\"(max-width: 300px) 100vw, 300px\" \/><\/p>\n<p>&nbsp;<\/p>\n<p>&nbsp;<\/p>\n<p>&nbsp;<\/p>\n<p>&nbsp;<\/p>\n<p>&nbsp;<\/p>\n<p>&nbsp;<\/p>\n<p>&nbsp;<\/p>\n<p>&nbsp;<\/p>\n<p>\u00a91984, Hamburg, Verlag Friedrich Oetinger, ISBN 9783789119576<\/p>\n<p>www.oetinger.de<\/p>\n<p>&nbsp;<\/p>\n<p><strong>Fortsetzung:<\/strong><\/p>\n<p>Eine weitere Geschichte \u00fcber Lippel ver\u00f6ffentlichte Paul Maar 2012 unter dem Titel \u201eLippel, tr\u00e4umst du schon wieder!\u201c.<\/p>\n<p>&nbsp;<\/p>\n<p><strong>\u201eDie Delfine von Atlantis\u201c von Marliese Arold (2007)<\/strong><\/p>\n<p>Lesealter: 10-12 Jahre<\/p>\n<p><img loading=\"lazy\" class=\"alignleft size-full wp-image-1308\" src=\"http:\/\/kinderbuch.blog\/wp-content\/uploads\/2018\/07\/Die-Delfine-von-Atlantis-Sommeraktion-Oetinger.png\" alt=\"\" width=\"176\" height=\"266\" \/><\/p>\n<p>&nbsp;<\/p>\n<p>&nbsp;<\/p>\n<p>&nbsp;<\/p>\n<p>&nbsp;<\/p>\n<p>&nbsp;<\/p>\n<p>&nbsp;<\/p>\n<p>&nbsp;<\/p>\n<p>&nbsp;<\/p>\n<p>&nbsp;<\/p>\n<p>&nbsp;<\/p>\n<p>\u00a92018, Oetinger Verlag, ISBN 978-3841505408<\/p>\n<p><a href=\"http:\/\/www.oetinger.de\">www.oetinger.de<\/a><\/p>\n<p>Der Band \u201eDie Delfine von Atlantis\u201c ist der aktuellste der Sommeraktion des Oetinger Verlags und wurde von der deutschen Kinder- und Jugendbuchautorin Marliese Arold 2007 ver\u00f6ffentlicht. \u201eDie Delfine von Atlantis\u201c bilden den Auftakt zu Arolds Fantasy-Triologie.<\/p>\n<p><strong>Davon handelt das Buch:<\/strong><\/p>\n<p>Das Buch beginnt mit zwei Zeitungsmeldungen, die \u00fcber das unerkl\u00e4rliche Verschwinden des Altertumsforschers Jean de la Fortune berichten. 15 Jahre sp\u00e4ter sp\u00e4ter machen sich zwei Jugendliche auf den Weg nach Sardinien. Sheila macht hier mit ihrer Mutter und derem neuen Freund Urlaub und Mario muss mal wieder mit seiner Mutter umziehen, weil sie durch einen mysteri\u00f6sen \u201eZaidon\u201c und dessen unsympathische Anrufer bel\u00e4stigt und bedroht werden. In Sardinien angekommen, geht Sheila an ihrem 13. Geburtstag nachts zum Strand und beim Bad im Meer verwandelt sich sich mithilfe eines Spruchs aus ihrer Kindheit in einen Delfin. Sheila ist \u00fcberrascht und unternimmt heimlich weitere Ausfl\u00fcge in Delfingestalt. Eines Tages h\u00f6rt sie den Hilferuf eines anderen T\u00fcmmlers. Sie kommt dem Artgenossen, der in einer Algenfalle gefangen ist zur Hilfe und trifft auf Mario, der bereits seit seiner Kindheit von seiner Identit\u00e4t als \u201eMeereswandler\u201c wei\u00df. Mario ist auf der Suche nach seiner Mutter, die von Zaidon entf\u00fchrt wurde. Prompt bittet Mario Sheila um Hilfe und die beiden gelangen kurze Zeit sp\u00e4ter in das Geheimversteck des b\u00f6sen Zaidons, das sich im technologisierten Innern eines riesigen Wals befindet. Hier finden die beiden Kinder auch Marios Mutter und den vermissten Forscher de la Fortune.<\/p>\n<p>Zaidon m\u00f6chte als ehemaliger Herrscher von Atlantis sein Reich wieder aufbauen. Dazu ben\u00f6tigt er die Macht des Weltensteins, von dem allerdings 7 Kristalle abgebrochen sind. Zaidon ist bereit seine Geisel frei zulassen, wenn Mario und Sheila f\u00fcr ihn die 7 Splitter des Weltensteins finden. Sofort machen sich die beiden jungen Meereswandler bzw. Atlanter auf den Weg. Sie m\u00fcssen die 7 Weltmeere nach den Steinen absuchen. Bei ihrer Suche treffen die beiden unter Wasser auf ein Schiffwrack mit Geisterpiraten, eine Gruppe Blauhaie, Unterwasservulkane, Wei\u00dfwale, die gef\u00e4hrliche Seeschlange Ssskylla, einen Hurrikan, ein verzaubertes Haigebiss, den Rochen des Vergessens, die gro\u00dfe Korallenbibliothek und viele weitere fantastische Landschaften und Gestalten. Schlie\u00dflich haben sie alle Steine gefunden und sto\u00dfen an ihrer letzten Station auf \u201eIrden\u201c, den H\u00fcter von Talana, der magischen Wasserwelt. Dieser steht Mario und Sheila beim Wiedereintreffen in Zaidons Schlupfwinkel bei und bezwingt seinen Erzfeind mit einer List. Mario und Sheila \u00f6ffnen das Tor zu Talana und nun k\u00f6nnen freie und befreite Meereswandler sich f\u00fcr ein Menschenleben in der Menschenwelt oder ein Delfinleben in Talana entscheiden. Hier trennen sich Marios und Sheilas Wege wieder, denn Mario geht mit seiner Mutter nach Talana, w\u00e4hrend Sheila zu ihrer Familie nach Sardinien zur\u00fcckkehrt. Sie trifft auf dem R\u00fcckweg auf ihren verschollenen Vater Gavino, der auch ein Gefangener Zaidons war.<\/p>\n<p><strong>Meine Meinung:<\/strong><\/p>\n<p>Auch wenn sich der Plot der Geschichte sehr konstruiert anh\u00f6rt &#8211; dem Buch merkt man dies beim Lesen nicht an. Vielmehr geht man gemeinsam mit den Protagonisten auf eine Reise und freut sich \u00fcber die tollen Figuren und Schaupl\u00e4tze, die die Autorin mit viel Einfallsreichtum, Hintergrundwissen und Fantasie pr\u00e4sentiert.<\/p>\n<p>Die perfekte Urlaubslekt\u00fcre f\u00fcr Jugendliche und f\u00fcr mich eine tolle Entdeckung! Es hat einfach Spa\u00df gemacht das Buch zu lesen! Auch wenn die Zielgruppe eindeutig Jugendliche sind, so schreibt die Autorin sehr fl\u00fcssig und bietet eine spannende Geschichte in der Unterwasserwelt mit gef\u00e4hrlichen und fantastischen Orten. Ein Buch, das auch Jungen begeistern d\u00fcrfte. Besonders gut gef\u00e4llt mir auch das Coverbild, das von Almut Kunert gestaltet wurde. Allerdings konnte ich hier keine Szene aus dem Buch wiedererkennen.<\/p>\n<p><strong>Fortsetzung:<\/strong><\/p>\n<p>Die Folgeb\u00e4nde der Atlantis-Triologie tragen die Titel \u201eDie R\u00fcckkehr nach Atlantis\u201c (2009) und \u201eDas Verm\u00e4chtnis von Atlantis\u201c (2011).<\/p>\n","protected":false},"excerpt":{"rendered":"<p>Wer f\u00fcr sich oder seine Kinder ab 10 Jahren noch wertvolles Lesefutter f\u00fcr die Ferien sucht, der wird sicherlich bei der Sommeraktion des Oetinger Verlags f\u00fcndig! P\u00fcnktlich zu den Sommerferien sind vom Verlag vier Leseabenteuer f\u00fcr Kinder und Jugendliche zu jeweils 6 Euro herausgebracht worden. Unter den vier Abenteuerb\u00fcchern finden sich auch drei namhafte Klassiker der Kinder- und Jugendliteratur der [&#8230;]<\/p>\n","protected":false},"author":1,"featured_media":1302,"comment_status":"open","ping_status":"open","sticky":false,"template":"","format":"standard","meta":[],"categories":[44,33],"tags":[69,70,71,72,73,68],"_links":{"self":[{"href":"https:\/\/kinderbuch.blog\/index.php?rest_route=\/wp\/v2\/posts\/1301"}],"collection":[{"href":"https:\/\/kinderbuch.blog\/index.php?rest_route=\/wp\/v2\/posts"}],"about":[{"href":"https:\/\/kinderbuch.blog\/index.php?rest_route=\/wp\/v2\/types\/post"}],"author":[{"embeddable":true,"href":"https:\/\/kinderbuch.blog\/index.php?rest_route=\/wp\/v2\/users\/1"}],"replies":[{"embeddable":true,"href":"https:\/\/kinderbuch.blog\/index.php?rest_route=%2Fwp%2Fv2%2Fcomments&post=1301"}],"version-history":[{"count":22,"href":"https:\/\/kinderbuch.blog\/index.php?rest_route=\/wp\/v2\/posts\/1301\/revisions"}],"predecessor-version":[{"id":1337,"href":"https:\/\/kinderbuch.blog\/index.php?rest_route=\/wp\/v2\/posts\/1301\/revisions\/1337"}],"wp:featuredmedia":[{"embeddable":true,"href":"https:\/\/kinderbuch.blog\/index.php?rest_route=\/wp\/v2\/media\/1302"}],"wp:attachment":[{"href":"https:\/\/kinderbuch.blog\/index.php?rest_route=%2Fwp%2Fv2%2Fmedia&parent=1301"}],"wp:term":[{"taxonomy":"category","embeddable":true,"href":"https:\/\/kinderbuch.blog\/index.php?rest_route=%2Fwp%2Fv2%2Fcategories&post=1301"},{"taxonomy":"post_tag","embeddable":true,"href":"https:\/\/kinderbuch.blog\/index.php?rest_route=%2Fwp%2Fv2%2Ftags&post=1301"}],"curies":[{"name":"wp","href":"https:\/\/api.w.org\/{rel}","templated":true}]}}